{"id":22202,"date":"2025-01-07T20:44:48","date_gmt":"2025-01-07T20:44:48","guid":{"rendered":"https:\/\/247stiri.ro\/index.php\/2025\/01\/07\/nordicii-sunt-fermi-groenlanda-nu-e-de-vanzare-donald-trump-totusi-credeaza-greu\/"},"modified":"2025-01-07T20:44:48","modified_gmt":"2025-01-07T20:44:48","slug":"nordicii-sunt-fermi-groenlanda-nu-e-de-vanzare-donald-trump-totusi-credeaza-greu","status":"publish","type":"post","link":"https:\/\/247stiri.ro\/index.php\/2025\/01\/07\/nordicii-sunt-fermi-groenlanda-nu-e-de-vanzare-donald-trump-totusi-credeaza-greu\/","title":{"rendered":"Nordicii sunt fermi: \u201eGroenlanda nu e de v\u00e2nzare!\u201d Donald Trump, totu\u0219i, credeaz\u0103 greu"},"content":{"rendered":"<p>Groenlanda a spus clar c\u0103 nu este de v\u00e2nzare, a declarat mar\u0163i prim-ministrul danez Mette Frederiksen, ca r\u0103spuns la fixa\u0163ia pre\u015fedintelui ales al Statelor Unite, Donald Trump, de a cump\u0103ra masiva insul\u0103 arctic\u0103, relateaz\u0103 POLITICO.<\/p>\n<p>Mette Frederiksen a declarat c\u0103 prim-ministrul groenlandez M\u00fate Egede \u201ea fost foarte, foarte clar c\u0103 exist\u0103 un sprijin majoritar \u00een r\u00e2ndul poporului groenlandez c\u0103 Groenlanda nu este de v\u00e2nzare \u015fi nu va fi nici \u00een viitor\u201d.<\/p>\n<p>Remarcile liderului danez vin dup\u0103 ce Donald Trump a sugerat cump\u0103rarea Groenlandei de la Danemarca luna trecut\u0103, spun\u00e2nd c\u0103 o achizi\u0163ie american\u0103 a teritoriului arctic este o \u201enecesitate absolut\u0103\u201d. El a f\u0103cut aceast\u0103 propunere \u015fi \u00een 2019, \u00een timpul primului s\u0103u mandat, ceea ce i-a atras \u015fi atunci o mustrare din partea lui Frederiksen.<\/p>\n<p>Mar\u0163i, \u00eens\u0103, pre\u015fedintele ales a mers \u015fi mai departe, iar \u00eentr-o conferin\u0163\u0103 de pres\u0103 nu a exclus folosirea for\u0163ei pentru a prelua controlul asupra Groenlandei. Comentariile premierului danez au fost f\u0103cute \u00eenainte de aceste noi declara\u0163ii.<\/p>\n<p>Fiul cel mare al lui Trump, Donald Trump Jr., a aterizat mar\u0163i \u00een Groenlanda \u00een ceea ce el a numit o vizit\u0103 privat\u0103. \u00cen anturajul s\u0103u se aflau \u00eens\u0103 activistul conservator Charlie Kirk \u015fi directorul de personal al tat\u0103lui s\u0103u, Sergio Gor. Trump Sr. i-a descris drept reprezentan\u0163ii s\u0103i.<\/p>\n<p>\u201eDon Jr. \u015fi reprezentan\u0163ii mei aterizeaz\u0103 \u00een Groenlanda. Primirea a fost grozav\u0103. Ei, \u015fi Lumea Liber\u0103, au nevoie de siguran\u0163\u0103, securitate, putere \u015fi PACE! Aceasta este o afacere care trebuie s\u0103 se \u00eent\u00e2mple. MAGA. FACE\u0162I GROENLANDA M\u0102REA\u0162\u0102 DIN NOU!\u201d a scris Trump \u00eentr-o postare, mar\u0163i, pe platforma sa de social media Truth Social.<\/p>\n<p>La cinci ani dup\u0103 ce a respins aspira\u0163iile arctice ale lui Trump, premierul Mette Frederiksen a reiterat c\u0103 \u201eGroenlanda apar\u0163ine groenlandezilor\u201d.<\/p>\n<p>\u201ePe de o parte, sunt mul\u0163umit\u0103 de cre\u015fterea interesului american pentru Groenlanda\u201d, a declarat Frederiksen \u00eentr-un interviu acordat mar\u0163i radiodifuzorului danez TV 2. \u201eDar, desigur, este important ca aceasta s\u0103 aib\u0103 loc \u00eentr-un mod \u00een care decizia s\u0103 apar\u0163in\u0103 groenlandezilor, ce le rezerv\u0103 viitorul\u201d.<\/p>\n<p>Groenlanda, cea mai mare insul\u0103 din lume, cu o popula\u0163ie de aproximativ 60.000 de locuitori, a fost o colonie danez\u0103 p\u00e2n\u0103 c\u00e2nd a devenit autonom\u0103, cu propriul s\u0103u parlament, \u00een 1979. Groenlanda r\u0103m\u00e2ne un teritoriu al Danemarcei, Copenhaga exercit\u00e2nd controlul asupra politicii sale externe \u015fi de ap\u0103rare.<\/p>\n<p>Pe m\u0103sur\u0103 ce puterile globale \u00eencearc\u0103 s\u0103 \u00ee\u015fi extind\u0103 raza de ac\u0163iune \u015fi amprenta \u00een Arctica, Groenlanda, bogat\u0103 \u00een minerale &#8211; care g\u0103zduie\u015fte \u015fi o baz\u0103 militar\u0103 a SUA &#8211; este r\u00e2vnit\u0103 pentru valoarea sa strategic\u0103 \u00een materie de securitate \u015fi comer\u0163.<\/p>\n<p>Mette Frederiksen, care \u00een 2019 a descris oferta lui Trump de a cump\u0103ra insula ca fiind \u201eabsurd\u0103\u201d, a declarat c\u0103 depinde de groenlandezi s\u0103 \u00ee\u015fi decid\u0103 propriul viitor, numind mi\u015fcarea de independen\u0163\u0103 \u00een cre\u015ftere de pe insul\u0103 \u201elegitim\u0103\u201d.<\/p>\n<p>\u201ePot observa o dorin\u0163\u0103 puternic\u0103 \u00een r\u00e2ndul multor groenlandezi de a se \u00eendrepta spre independen\u0163\u0103\u201d, a spus ea. \u201eEste legitim \u015fi, prin urmare, cred c\u0103 este important ca viitorul Groenlandei s\u0103 fie modelat \u00een Nuuk (capitala Groenlandei)\u201d, a spus premierul danez.<\/p>\n<p>\u00cen conformitate cu un acord \u00eencheiat \u00een 2009 cu Danemarca, Groenlanda \u00ee\u015fi poate declara independen\u0163a numai \u00een urma unui referendum valid &#8211; pe care liderul s\u0103u Egede a p\u0103rut s\u0103 sugereze, \u00een timpul discursului s\u0103u de Anul Nou, c\u0103 ar putea avea loc \u00een paralel cu viitoarele alegeri parlamentare din aprilie.<\/p>","protected":false},"excerpt":{"rendered":"<p>Groenlanda a spus clar c\u0103 nu este de v\u00e2nzare, a declarat mar\u0163i prim-ministrul danez Mette&hellip;<\/p>\n","protected":false},"author":0,"featured_media":22196,"comment_status":"open","ping_status":"open","sticky":false,"template":"","format":"standard","meta":{"footnotes":""},"categories":[2],"tags":[],"class_list":["post-22202","post","type-post","status-publish","format-standard","has-post-thumbnail","hentry","category-actual"],"_links":{"self":[{"href":"https:\/\/247stiri.ro\/index.php\/wp-json\/wp\/v2\/posts\/22202","targetHints":{"allow":["GET"]}}],"collection":[{"href":"https:\/\/247stiri.ro\/index.php\/wp-json\/wp\/v2\/posts"}],"about":[{"href":"https:\/\/247stiri.ro\/index.php\/wp-json\/wp\/v2\/types\/post"}],"replies":[{"embeddable":true,"href":"https:\/\/247stiri.ro\/index.php\/wp-json\/wp\/v2\/comments?post=22202"}],"version-history":[{"count":0,"href":"https:\/\/247stiri.ro\/index.php\/wp-json\/wp\/v2\/posts\/22202\/revisions"}],"wp:featuredmedia":[{"embeddable":true,"href":"https:\/\/247stiri.ro\/index.php\/wp-json\/wp\/v2\/media\/22196"}],"wp:attachment":[{"href":"https:\/\/247stiri.ro\/index.php\/wp-json\/wp\/v2\/media?parent=22202"}],"wp:term":[{"taxonomy":"category","embeddable":true,"href":"https:\/\/247stiri.ro\/index.php\/wp-json\/wp\/v2\/categories?post=22202"},{"taxonomy":"post_tag","embeddable":true,"href":"https:\/\/247stiri.ro\/index.php\/wp-json\/wp\/v2\/tags?post=22202"}],"curies":[{"name":"wp","href":"https:\/\/api.w.org\/{rel}","templated":true}]}}