{"id":22208,"date":"2025-01-07T21:44:49","date_gmt":"2025-01-07T21:44:49","guid":{"rendered":"https:\/\/247stiri.ro\/index.php\/2025\/01\/07\/ordonanta-tenulet-scoate-politistii-din-toata-tara-la-proteste-opriti-bataia-de-joc\/"},"modified":"2025-01-07T21:44:49","modified_gmt":"2025-01-07T21:44:49","slug":"ordonanta-tenulet-scoate-politistii-din-toata-tara-la-proteste-opriti-bataia-de-joc","status":"publish","type":"post","link":"https:\/\/247stiri.ro\/index.php\/2025\/01\/07\/ordonanta-tenulet-scoate-politistii-din-toata-tara-la-proteste-opriti-bataia-de-joc\/","title":{"rendered":"Ordonan\u021ba tenule\u021b scoate poli\u021bi\u0219tii din toat\u0103 \u021bara la proteste: \u201eOpri\u021bi b\u0103taia de joc!\u201d"},"content":{"rendered":"<p>\u00centr-<a href=\"https:\/\/www.facebook.com\/sindicatsidepol\/posts\/pfbid031fAcdB1PuMThwDJVPF9pkXqnX1eVn7xiYsVcipMRE33QLHsVopY6PUtTF58rknbql?locale=ro_RO\" target=\"_blank\">o postare<\/a>\u00a0pe Facebook, Sindicatul Poli\u0163i\u015ftilor Sidepol anun\u0163\u0103 calendarul protestelor:<\/p>\n<p>\u201eCalendarul formelor de #protest adoptate de filiale #Sidepol pentru data de\u00a0\u00a0#IALOMITA = protest \u00een fa\u021ba IPJ cu blocarea activit\u0103\u021bii\u00a0#BUZ\u0102U \u0219i #DGPMB = donare s\u00e2nge \u0219i pichetarea sediului IPJ\u00a0#CONSTAN\u021aA = protest la sediul IPJ, ora 12\u00a0#DOLJ , #ARAD si #C\u0102L\u0102RA\u0218I= greva japonez\u0103 \u0219i manifestare solidaritate cu colegii de la Ialomi\u021ba prin ie\u0219irea \u00een fa\u021ba subunit\u0103\u021bilor de poli\u021bie, aplicare #avertisment \u0219i #refuz de a lucra #suplimentar!\u00a0PRAHOVA, ILFOV, DAMBOVITA, TIMIS, VALCEA, GIURGIU, BRASOV, BACAU, TELEORMAN, ARGE\u0218, CLUJ, BIHOR, CARA\u0218-SEVERIN, VRANCEA aplicare #avertisment,refuz de a lucra #suplimentar \u0219i participare masiva la protestul organizat perioada urm\u0103toare la #BUCURE\u0218TI<\/p>\n<p>Opri\u021bi b\u0103taia de joc la adresa siguran\u021bei na\u021bionale !!!Respecta\u021bi angaja\u021bii sectorului de ap\u0103rare, ordine public\u0103 \u0219i securitate na\u021bional\u0103!!!M\u0103surile vor continua p\u00e2n\u0103 c\u00e2nd drepturile noastre vor fi rec\u0103p\u0103tate!!Pentru a v\u0103 alatura protestelor locale\/na\u021bionale, va rugam sa lua\u021bi leg\u0103tura cu colegii no\u0219tri!!\u201d, a transmis Sindicatul Poli\u0163i\u015ftilor Sidepol.<\/p>\n<p>Amintim c\u0103 angaja\u021bii din penitenciare\u00a0au \u00eenceput protestele\u00a0deja, iar\u00a0cei din \u00eenv\u0103\u021b\u0103m\u00e2nt\u00a0\u0219i\u00a0industria alimentar\u0103\u00a0amenin\u021b\u0103 \u0219i ei cu manifesta\u021bii.<\/p>","protected":false},"excerpt":{"rendered":"<p>\u00centr-o postare\u00a0pe Facebook, Sindicatul Poli\u0163i\u015ftilor Sidepol anun\u0163\u0103 calendarul protestelor: \u201eCalendarul formelor de #protest adoptate de&hellip;<\/p>\n","protected":false},"author":0,"featured_media":22209,"comment_status":"open","ping_status":"open","sticky":false,"template":"","format":"standard","meta":{"footnotes":""},"categories":[2],"tags":[],"class_list":["post-22208","post","type-post","status-publish","format-standard","has-post-thumbnail","hentry","category-actual"],"_links":{"self":[{"href":"https:\/\/247stiri.ro\/index.php\/wp-json\/wp\/v2\/posts\/22208","targetHints":{"allow":["GET"]}}],"collection":[{"href":"https:\/\/247stiri.ro\/index.php\/wp-json\/wp\/v2\/posts"}],"about":[{"href":"https:\/\/247stiri.ro\/index.php\/wp-json\/wp\/v2\/types\/post"}],"replies":[{"embeddable":true,"href":"https:\/\/247stiri.ro\/index.php\/wp-json\/wp\/v2\/comments?post=22208"}],"version-history":[{"count":0,"href":"https:\/\/247stiri.ro\/index.php\/wp-json\/wp\/v2\/posts\/22208\/revisions"}],"wp:featuredmedia":[{"embeddable":true,"href":"https:\/\/247stiri.ro\/index.php\/wp-json\/wp\/v2\/media\/22209"}],"wp:attachment":[{"href":"https:\/\/247stiri.ro\/index.php\/wp-json\/wp\/v2\/media?parent=22208"}],"wp:term":[{"taxonomy":"category","embeddable":true,"href":"https:\/\/247stiri.ro\/index.php\/wp-json\/wp\/v2\/categories?post=22208"},{"taxonomy":"post_tag","embeddable":true,"href":"https:\/\/247stiri.ro\/index.php\/wp-json\/wp\/v2\/tags?post=22208"}],"curies":[{"name":"wp","href":"https:\/\/api.w.org\/{rel}","templated":true}]}}