{"id":22210,"date":"2025-01-07T21:44:49","date_gmt":"2025-01-07T21:44:49","guid":{"rendered":"https:\/\/247stiri.ro\/index.php\/2025\/01\/07\/ar-putea-deveni-armata-obligatorie-in-romania-raspunsul-ministrului-apararii\/"},"modified":"2025-01-07T21:44:49","modified_gmt":"2025-01-07T21:44:49","slug":"ar-putea-deveni-armata-obligatorie-in-romania-raspunsul-ministrului-apararii","status":"publish","type":"post","link":"https:\/\/247stiri.ro\/index.php\/2025\/01\/07\/ar-putea-deveni-armata-obligatorie-in-romania-raspunsul-ministrului-apararii\/","title":{"rendered":"Ar putea deveni armata obligatorie \u00een Rom\u00e2nia? R\u0103spunsul ministrului Ap\u0103r\u0103rii"},"content":{"rendered":"<p>\u201eVoi r\u0103spunde la \u00eentrebare invoc\u00e2nd sprijinul politic de care eu vreau s\u0103 v\u0103 spun, cu toat\u0103 sinceritatea, c\u0103 am avut parte. Am servit ca ministru al Ap\u0103r\u0103rii c\u00e2nd Guvernul era condus de domnul Ciuc\u0103, am servit ca ministru al Ap\u0103r\u0103rii \u015fi \u00een perioada \u00een care Guvernul a fost condus de domnul Marcel Ciolacu. \u00cen ambele situa\u0163ii, Ministerul Ap\u0103r\u0103rii, eu, ca ministru, am avut parte de sprijin\u201d, a spus Angel T\u00eelvar, mar\u0163i sear\u0103, la un post TV.<\/p>\n<p>\u201eDorin\u0163a noastr\u0103 de a cre\u015fte efectivul se bazeaz\u0103 pe nevoia de ap\u0103rare \u015fi contextul \u00een care tr\u0103im. Cu to\u0163ii urm\u0103rim ce se \u00eent\u00e2mpl\u0103 \u00een Rom\u00e2nia \u015fi \u00een lume \u015fi cu to\u0163ii suntem de acord c\u0103 acum mai bine de 1.000 de zile nu \u015fi-ar fi imaginat nimeni c\u0103 pe teritoriul Rom\u00e2niei ar putea s\u0103 cad\u0103 resturi de drone, nu \u015fi-ar fi imaginat nimeni c\u0103 vom fi hub umanitar, nu ne imaginam c\u0103 atunci c\u00e2nd mergem pe litoral, pe Marea Neagr\u0103, pot ap\u0103rea mine care s\u0103 fie istorice sau s\u0103 fie generate de conflictul din Ucraina\u201d, a declarat Angel T\u00eelvar.<\/p>\n<p>\u201eApartenen\u0163a la NATO a f\u0103cut ca num\u0103rul de militari s\u0103 fie redus, iar acum suntem \u00een situa\u0163ia \u00een care avem \u00een jur de 85.000 \u00eempreun\u0103 cu civilii\u201d, a mai spus ministrul Ap\u0103r\u0103rii.<\/p>","protected":false},"excerpt":{"rendered":"<p>\u201eVoi r\u0103spunde la \u00eentrebare invoc\u00e2nd sprijinul politic de care eu vreau s\u0103 v\u0103 spun, cu&hellip;<\/p>\n","protected":false},"author":0,"featured_media":22211,"comment_status":"open","ping_status":"open","sticky":false,"template":"","format":"standard","meta":{"footnotes":""},"categories":[2],"tags":[],"class_list":["post-22210","post","type-post","status-publish","format-standard","has-post-thumbnail","hentry","category-actual"],"_links":{"self":[{"href":"https:\/\/247stiri.ro\/index.php\/wp-json\/wp\/v2\/posts\/22210","targetHints":{"allow":["GET"]}}],"collection":[{"href":"https:\/\/247stiri.ro\/index.php\/wp-json\/wp\/v2\/posts"}],"about":[{"href":"https:\/\/247stiri.ro\/index.php\/wp-json\/wp\/v2\/types\/post"}],"replies":[{"embeddable":true,"href":"https:\/\/247stiri.ro\/index.php\/wp-json\/wp\/v2\/comments?post=22210"}],"version-history":[{"count":0,"href":"https:\/\/247stiri.ro\/index.php\/wp-json\/wp\/v2\/posts\/22210\/revisions"}],"wp:featuredmedia":[{"embeddable":true,"href":"https:\/\/247stiri.ro\/index.php\/wp-json\/wp\/v2\/media\/22211"}],"wp:attachment":[{"href":"https:\/\/247stiri.ro\/index.php\/wp-json\/wp\/v2\/media?parent=22210"}],"wp:term":[{"taxonomy":"category","embeddable":true,"href":"https:\/\/247stiri.ro\/index.php\/wp-json\/wp\/v2\/categories?post=22210"},{"taxonomy":"post_tag","embeddable":true,"href":"https:\/\/247stiri.ro\/index.php\/wp-json\/wp\/v2\/tags?post=22210"}],"curies":[{"name":"wp","href":"https:\/\/api.w.org\/{rel}","templated":true}]}}