{"id":22214,"date":"2025-01-07T21:44:50","date_gmt":"2025-01-07T21:44:50","guid":{"rendered":"https:\/\/247stiri.ro\/index.php\/2025\/01\/07\/atac-armat-in-sudul-germaniei-doua-persoane-au-fost-ucise-iar-una-se-afla-in-stare-grava\/"},"modified":"2025-01-07T21:44:50","modified_gmt":"2025-01-07T21:44:50","slug":"atac-armat-in-sudul-germaniei-doua-persoane-au-fost-ucise-iar-una-se-afla-in-stare-grava","status":"publish","type":"post","link":"https:\/\/247stiri.ro\/index.php\/2025\/01\/07\/atac-armat-in-sudul-germaniei-doua-persoane-au-fost-ucise-iar-una-se-afla-in-stare-grava\/","title":{"rendered":"Atac armat \u00een sudul Germaniei. Dou\u0103 persoane au fost ucise, iar una se afl\u0103 \u00een stare grav\u0103"},"content":{"rendered":"<p>Potrivit unui comunicat al poli\u021biei, atacatorul a deschis focul \u00een jurul orei locale 17:45 (16:45, ora Rom\u00e2niei), \u00een incinta unei companii din Bad Friedrichshall, un ora\u0219 din sud-vestul Germaniei, la nord de Stuttgart. \u00cen momentul de fa\u021b\u0103 nu exist\u0103 informa\u021bii despre arma crimei \u0219i nici despre motiva\u021bia atacatorului.<\/p>\n<p>Din primele date, \u00een urma atacului, dou\u0103 persoane au fost ucise \u0219i o a treia a fost grav r\u0103nit\u0103.\u00a0<\/p>\n<p>O ampl\u0103 opera\u021biune de c\u0103utare este \u00een desf\u0103\u0219urare, deoarece atacatorul a fugit de la locul faptei. Autorit\u0103\u021bile asigur\u0103, totu\u0219i, c\u0103 nu exist\u0103 niciun risc pentru popula\u021bie.<\/p>","protected":false},"excerpt":{"rendered":"<p>Potrivit unui comunicat al poli\u021biei, atacatorul a deschis focul \u00een jurul orei locale 17:45 (16:45,&hellip;<\/p>\n","protected":false},"author":0,"featured_media":22194,"comment_status":"open","ping_status":"open","sticky":false,"template":"","format":"standard","meta":{"footnotes":""},"categories":[2],"tags":[],"class_list":["post-22214","post","type-post","status-publish","format-standard","has-post-thumbnail","hentry","category-actual"],"_links":{"self":[{"href":"https:\/\/247stiri.ro\/index.php\/wp-json\/wp\/v2\/posts\/22214","targetHints":{"allow":["GET"]}}],"collection":[{"href":"https:\/\/247stiri.ro\/index.php\/wp-json\/wp\/v2\/posts"}],"about":[{"href":"https:\/\/247stiri.ro\/index.php\/wp-json\/wp\/v2\/types\/post"}],"replies":[{"embeddable":true,"href":"https:\/\/247stiri.ro\/index.php\/wp-json\/wp\/v2\/comments?post=22214"}],"version-history":[{"count":0,"href":"https:\/\/247stiri.ro\/index.php\/wp-json\/wp\/v2\/posts\/22214\/revisions"}],"wp:featuredmedia":[{"embeddable":true,"href":"https:\/\/247stiri.ro\/index.php\/wp-json\/wp\/v2\/media\/22194"}],"wp:attachment":[{"href":"https:\/\/247stiri.ro\/index.php\/wp-json\/wp\/v2\/media?parent=22214"}],"wp:term":[{"taxonomy":"category","embeddable":true,"href":"https:\/\/247stiri.ro\/index.php\/wp-json\/wp\/v2\/categories?post=22214"},{"taxonomy":"post_tag","embeddable":true,"href":"https:\/\/247stiri.ro\/index.php\/wp-json\/wp\/v2\/tags?post=22214"}],"curies":[{"name":"wp","href":"https:\/\/api.w.org\/{rel}","templated":true}]}}