{"id":22217,"date":"2025-01-07T22:45:02","date_gmt":"2025-01-07T22:45:02","guid":{"rendered":"https:\/\/247stiri.ro\/index.php\/2025\/01\/07\/bulgarii-reiau-lucrarile-la-podul-giurgiu-ruse-cum-vor-circula-masinile\/"},"modified":"2025-01-07T22:45:02","modified_gmt":"2025-01-07T22:45:02","slug":"bulgarii-reiau-lucrarile-la-podul-giurgiu-ruse-cum-vor-circula-masinile","status":"publish","type":"post","link":"https:\/\/247stiri.ro\/index.php\/2025\/01\/07\/bulgarii-reiau-lucrarile-la-podul-giurgiu-ruse-cum-vor-circula-masinile\/","title":{"rendered":"Bulgarii reiau lucr\u0103rile la podul Giurgiu &#8211; Ruse. Cum vor circula ma\u0219inile"},"content":{"rendered":"<p>Anun\u021bul a fost f\u0103cut de guvernatorul din Ruse, Dragomir Draganov, \u00een timpul unei conferin\u0163e de pres\u0103.<\/p>\n<p>Lucr\u0103rile de repara\u0163ii la podul peste Dun\u0103re au \u00eenceput \u00een 10 iulie 2024 \u0219i au fost suspendate temporar \u00een timpul s\u0103rb\u0103torilor de Cr\u0103ciun \u015fi Anul Nou, pentru ca vehiculele s\u0103 treac\u0103 mai u\u015for grani\u0163a dintre Bulgaria \u015fi Rom\u00e2nia, scrie ziare.com.<\/p>\n<p>A doua dintre cele \u015fase faze ale reabilit\u0103rii podului va \u00eencepe la 8 ianuarie 2025 \u015fi ar urma s\u0103 fie finalizat\u0103 p\u00e2n\u0103 la sf\u00e2r\u015fitul lunii mai sau \u00eenceputul lui iunie 2025.<\/p>\n<p>\u201e\u00cen timpul lucr\u0103rilor de repara\u0163ii, 413 metri din sec\u0163iunea de viaduct a podului, din Bulgaria spre Rom\u00e2nia, va fi \u00eenchis\u0103 temporar pentru lucr\u0103rile de construc\u0163ii\u201d, a precizat Draganov.<\/p>\n<p>Guvernatorul din Ruse a promis c\u0103 traficul auto nu va oprit \u00een timpul lucr\u0103rilor de repara\u0163ii \u0219i c\u0103 podul nu va fi \u00eenchis. \u201eLucr\u0103rile vor fi organizate astfel \u00eenc\u00e2t vehiculele s\u0103 treac\u0103 \u00een etape, \u00een dou\u0103 sensuri, pe por\u0163iunea pe care nu se execut\u0103 repara\u0163ii\u201d, a explicat guvernatorul Draganov.<\/p>","protected":false},"excerpt":{"rendered":"<p>Anun\u021bul a fost f\u0103cut de guvernatorul din Ruse, Dragomir Draganov, \u00een timpul unei conferin\u0163e de&hellip;<\/p>\n","protected":false},"author":0,"featured_media":22218,"comment_status":"open","ping_status":"open","sticky":false,"template":"","format":"standard","meta":{"footnotes":""},"categories":[2],"tags":[],"class_list":["post-22217","post","type-post","status-publish","format-standard","has-post-thumbnail","hentry","category-actual"],"_links":{"self":[{"href":"https:\/\/247stiri.ro\/index.php\/wp-json\/wp\/v2\/posts\/22217","targetHints":{"allow":["GET"]}}],"collection":[{"href":"https:\/\/247stiri.ro\/index.php\/wp-json\/wp\/v2\/posts"}],"about":[{"href":"https:\/\/247stiri.ro\/index.php\/wp-json\/wp\/v2\/types\/post"}],"replies":[{"embeddable":true,"href":"https:\/\/247stiri.ro\/index.php\/wp-json\/wp\/v2\/comments?post=22217"}],"version-history":[{"count":0,"href":"https:\/\/247stiri.ro\/index.php\/wp-json\/wp\/v2\/posts\/22217\/revisions"}],"wp:featuredmedia":[{"embeddable":true,"href":"https:\/\/247stiri.ro\/index.php\/wp-json\/wp\/v2\/media\/22218"}],"wp:attachment":[{"href":"https:\/\/247stiri.ro\/index.php\/wp-json\/wp\/v2\/media?parent=22217"}],"wp:term":[{"taxonomy":"category","embeddable":true,"href":"https:\/\/247stiri.ro\/index.php\/wp-json\/wp\/v2\/categories?post=22217"},{"taxonomy":"post_tag","embeddable":true,"href":"https:\/\/247stiri.ro\/index.php\/wp-json\/wp\/v2\/tags?post=22217"}],"curies":[{"name":"wp","href":"https:\/\/api.w.org\/{rel}","templated":true}]}}