{"id":22248,"date":"2025-01-08T06:45:13","date_gmt":"2025-01-08T06:45:13","guid":{"rendered":"https:\/\/247stiri.ro\/index.php\/2025\/01\/08\/mesaj-surprinzator-din-partea-lui-catalin-carstoiu-ce-spune-medicul-retras-din-cursa-pentru-primaria-capitalei-despre-clasa-politica\/"},"modified":"2025-01-08T06:45:13","modified_gmt":"2025-01-08T06:45:13","slug":"mesaj-surprinzator-din-partea-lui-catalin-carstoiu-ce-spune-medicul-retras-din-cursa-pentru-primaria-capitalei-despre-clasa-politica","status":"publish","type":"post","link":"https:\/\/247stiri.ro\/index.php\/2025\/01\/08\/mesaj-surprinzator-din-partea-lui-catalin-carstoiu-ce-spune-medicul-retras-din-cursa-pentru-primaria-capitalei-despre-clasa-politica\/","title":{"rendered":"Mesaj surprinz\u0103tor din partea lui C\u0103t\u0103lin C\u00e2rstoiu. Ce spune medicul retras din cursa pentru prim\u0103ria Capitalei despre clasa politic\u0103"},"content":{"rendered":"<p>De altfel, celebrul medic sus\u021bine c\u0103 acum este momentul ca oamenii de r\u00e2nd s\u0103 preia fr\u00e2iele \u0219i s\u0103 dea la o parte politicienii vechi, care ocup\u0103 scaune \u201dcalde\u201d \u00een Parlament sau prin institu\u021biile statului, f\u0103r\u0103 s\u0103 fac\u0103 ceva concret pentru cet\u0103\u021beni.<\/p>\n<p>De asemenea, C\u0103t\u0103lin C\u00eerstoiu a rememorat momentul \u00een care a fost dat la o parte de coali\u021bia PSD-PNL pentru c\u0103 nu era clasat bine \u00een sondaje.<\/p>\n<p>\u201d\u00cen politic\u0103 nu exist\u0103 no\u021biunea de echip\u0103\u201d, \u0219i \u201d\u00cen continuare clasa politic\u0103 ne d\u0103 sentimentul de nesiguran\u021b\u0103\u201d, afirm\u0103 C\u00eerstoiu.\u00a0<\/p>","protected":false},"excerpt":{"rendered":"<p>De altfel, celebrul medic sus\u021bine c\u0103 acum este momentul ca oamenii de r\u00e2nd s\u0103 preia&hellip;<\/p>\n","protected":false},"author":0,"featured_media":22249,"comment_status":"open","ping_status":"open","sticky":false,"template":"","format":"standard","meta":{"footnotes":""},"categories":[3],"tags":[],"class_list":["post-22248","post","type-post","status-publish","format-standard","has-post-thumbnail","hentry","category-politica"],"_links":{"self":[{"href":"https:\/\/247stiri.ro\/index.php\/wp-json\/wp\/v2\/posts\/22248","targetHints":{"allow":["GET"]}}],"collection":[{"href":"https:\/\/247stiri.ro\/index.php\/wp-json\/wp\/v2\/posts"}],"about":[{"href":"https:\/\/247stiri.ro\/index.php\/wp-json\/wp\/v2\/types\/post"}],"replies":[{"embeddable":true,"href":"https:\/\/247stiri.ro\/index.php\/wp-json\/wp\/v2\/comments?post=22248"}],"version-history":[{"count":0,"href":"https:\/\/247stiri.ro\/index.php\/wp-json\/wp\/v2\/posts\/22248\/revisions"}],"wp:featuredmedia":[{"embeddable":true,"href":"https:\/\/247stiri.ro\/index.php\/wp-json\/wp\/v2\/media\/22249"}],"wp:attachment":[{"href":"https:\/\/247stiri.ro\/index.php\/wp-json\/wp\/v2\/media?parent=22248"}],"wp:term":[{"taxonomy":"category","embeddable":true,"href":"https:\/\/247stiri.ro\/index.php\/wp-json\/wp\/v2\/categories?post=22248"},{"taxonomy":"post_tag","embeddable":true,"href":"https:\/\/247stiri.ro\/index.php\/wp-json\/wp\/v2\/tags?post=22248"}],"curies":[{"name":"wp","href":"https:\/\/api.w.org\/{rel}","templated":true}]}}