{"id":22250,"date":"2025-01-08T06:45:14","date_gmt":"2025-01-08T06:45:14","guid":{"rendered":"https:\/\/247stiri.ro\/index.php\/2025\/01\/08\/elevii-se-intorc-astazi-in-banci-in-februarie-urmeaza-vacanta-de-schi-perioadele-sunt-diferite-in-functie-de-judet\/"},"modified":"2025-01-08T06:45:14","modified_gmt":"2025-01-08T06:45:14","slug":"elevii-se-intorc-astazi-in-banci-in-februarie-urmeaza-vacanta-de-schi-perioadele-sunt-diferite-in-functie-de-judet","status":"publish","type":"post","link":"https:\/\/247stiri.ro\/index.php\/2025\/01\/08\/elevii-se-intorc-astazi-in-banci-in-februarie-urmeaza-vacanta-de-schi-perioadele-sunt-diferite-in-functie-de-judet\/","title":{"rendered":"Elevii se \u00eentorc ast\u0103zi \u00een b\u0103nci. \u00cen februarie urmeaz\u0103 &#8222;Vacan\u021ba de schi&#8221;: perioadele sunt diferite \u00een func\u021bie de jude\u021b"},"content":{"rendered":"<p>Cele mai multe jude\u021be, respectiv 23 dintre ele, au decis ca vacan\u021ba din februarie, cunoscut\u0103 \u0219i ca &#8222;Vacan\u021ba de schi&#8221;, s\u0103 aib\u0103 loc \u00een perioada 17-21 februarie, inclusiv municipiul Bucure\u0219ti \u0219i jude\u021bul Ilfov. Alte 18 jude\u021be au stabilit ca aceast\u0103 vacan\u021b\u0103 s\u0103 aib\u0103 loc \u00een perioada 24-28 februarie, iar unul singur, Bistri\u021ba-N\u0103s\u0103ud, \u00een perioada 10-14 februarie.\u00a0<\/p>\n<p>\u00cen anul 2025, structura anului \u0219colar va fi urm\u0103toarea:<\/p>\n<p>Modul 3 de cursuri: 8 ianuarie 2025 \u2013 7 februarie 2025, respectiv vineri, 14 februarie 2025 sau vineri, 21 februarie 2025, dup\u0103 caz, la decizia inspectoratelor \u0219colare jude\u021bene\/al municipiului Bucure\u0219ti;<\/p>\n<p>Vacan\u021b\u0103: o s\u0103pt\u0103m\u00e2n\u0103, la decizia inspectoratelor \u0219colare jude\u021bene\/al municipiului Bucure\u0219ti, \u00een perioada 10 februarie \u2013 2 martie 2025<\/p>\n<p>Modul 4 de cursuri: 17 februarie 2025, respectiv luni, 24 februarie 2025 sau luni, 3 martie 2025, la decizia inspectoratelor \u0219colare jude\u021bene\/al municipiului Bucure\u0219ti, dup\u0103 caz \u2013 17 aprilie 2025<\/p>\n<p>Vacan\u021b\u0103: 18 aprilie 2025 \u2013 27 aprilie 2025;<\/p>\n<p>Modul 5: 28 aprilie 2025 \u2013 20 iunie 2025<\/p>\n<p>Vacan\u021b\u0103: 21 iunie 2025 \u2013 7 septembrie 2025.<\/p>","protected":false},"excerpt":{"rendered":"<p>Cele mai multe jude\u021be, respectiv 23 dintre ele, au decis ca vacan\u021ba din februarie, cunoscut\u0103&hellip;<\/p>\n","protected":false},"author":0,"featured_media":22251,"comment_status":"open","ping_status":"open","sticky":false,"template":"","format":"standard","meta":{"footnotes":""},"categories":[2],"tags":[],"class_list":["post-22250","post","type-post","status-publish","format-standard","has-post-thumbnail","hentry","category-actual"],"_links":{"self":[{"href":"https:\/\/247stiri.ro\/index.php\/wp-json\/wp\/v2\/posts\/22250","targetHints":{"allow":["GET"]}}],"collection":[{"href":"https:\/\/247stiri.ro\/index.php\/wp-json\/wp\/v2\/posts"}],"about":[{"href":"https:\/\/247stiri.ro\/index.php\/wp-json\/wp\/v2\/types\/post"}],"replies":[{"embeddable":true,"href":"https:\/\/247stiri.ro\/index.php\/wp-json\/wp\/v2\/comments?post=22250"}],"version-history":[{"count":0,"href":"https:\/\/247stiri.ro\/index.php\/wp-json\/wp\/v2\/posts\/22250\/revisions"}],"wp:featuredmedia":[{"embeddable":true,"href":"https:\/\/247stiri.ro\/index.php\/wp-json\/wp\/v2\/media\/22251"}],"wp:attachment":[{"href":"https:\/\/247stiri.ro\/index.php\/wp-json\/wp\/v2\/media?parent=22250"}],"wp:term":[{"taxonomy":"category","embeddable":true,"href":"https:\/\/247stiri.ro\/index.php\/wp-json\/wp\/v2\/categories?post=22250"},{"taxonomy":"post_tag","embeddable":true,"href":"https:\/\/247stiri.ro\/index.php\/wp-json\/wp\/v2\/tags?post=22250"}],"curies":[{"name":"wp","href":"https:\/\/api.w.org\/{rel}","templated":true}]}}