{"id":22278,"date":"2025-01-08T07:44:48","date_gmt":"2025-01-08T07:44:48","guid":{"rendered":"https:\/\/247stiri.ro\/index.php\/2025\/01\/08\/zeci-de-politisti-din-buzau-au-ales-o-forma-inedita-de-protest-fata-de-ordonanta-trenulet-ce-au-facut-ca-sa-bifeze-o-zi-libera-de-la-munca\/"},"modified":"2025-01-08T07:44:48","modified_gmt":"2025-01-08T07:44:48","slug":"zeci-de-politisti-din-buzau-au-ales-o-forma-inedita-de-protest-fata-de-ordonanta-trenulet-ce-au-facut-ca-sa-bifeze-o-zi-libera-de-la-munca","status":"publish","type":"post","link":"https:\/\/247stiri.ro\/index.php\/2025\/01\/08\/zeci-de-politisti-din-buzau-au-ales-o-forma-inedita-de-protest-fata-de-ordonanta-trenulet-ce-au-facut-ca-sa-bifeze-o-zi-libera-de-la-munca\/","title":{"rendered":"Zeci de poli\u0163i\u015fti din Buz\u0103u au ales o form\u0103 inedit\u0103 de protest fa\u0163\u0103 de &#8216;Ordonan\u0163a trenule\u0163&#8217;. Ce au f\u0103cut ca s\u0103 bifeze o zi liber\u0103 de la munc\u0103"},"content":{"rendered":"<p>Aproximativ 50 de poli\u021bi\u0219ti operativi, care ar fi trebuit s\u0103 fie de serviciu \u00een \u00eentreaga jude\u021b, au ales s\u0103 doneze s\u00e2nge pentru a beneficia de aceast\u0103 zi liber\u0103.<\/p>\n<p>Conform Sindicatului Poli\u021bi\u0219tilor Sidepol, aceast\u0103 ac\u021biune reprezint\u0103 o form\u0103 de protest \u00eempotriva m\u0103surilor de reducere a cheltuielilor, care afecteaz\u0103 veniturile poli\u021bi\u0219tilor, \u00een special pe cei care \u00ee\u0219i desf\u0103\u0219oar\u0103 activitatea \u00een strad\u0103.<\/p>\n<p>&#8222;Suntem la Centrul de Transfuzii Buz\u0103u, don\u0103m s\u00e2nge, ne a\u015ftept\u0103m la 50-60 de poli\u0163i\u015fti. Protest\u0103m \u00eempotriva &#8216;Ordonan\u0163ei trenule\u0163&#8217; prin care poli\u0163i\u015ftii sunt afecta\u0163i salarial cu sume \u00eentre 1.000 \u015fi 2.000 de lei. Prin modul acesta de protest am ales s\u0103 facem \u015fi o fapt\u0103 bun\u0103, s\u0103 don\u0103m s\u00e2nge \u015fi s\u0103 ne lu\u0103m o zi liber\u0103 conform legii. Nu se mai pl\u0103tesc zilele de s\u0103rb\u0103tori legale, \u00een weekend, unde colegii din strad\u0103 sunt afecta\u0163i. Cei care se expun pericolului sunt v\u0103duvi\u0163i de sume legale, vorbim de t\u0103ieri salariale, nu de \u00eenghe\u0163\u0103ri. Ne-am luat o zi liber\u0103 din timpul serviciului prin aceast\u0103 campanie de donare de s\u00e2nge \u015fi ca semn de protest. Noi trebuia s\u0103 facem activit\u0103\u0163i, dar suntem liberi conform legii privind donarea de s\u00e2nge&#8221;, a declarat, pentru Agerpres, pre\u015fedintele Filialei Buz\u0103u, prim-vicepre\u015fedintele la nivel na\u0163ional al Sindicatului Poli\u0163i\u015ftilor Sidepol, Hudi\u0163\u0103 Georgian.\u00cencep\u00e2nd cu ora 10,00, poli\u0163i\u015ftii vor picheta sediul Inspectoratului de Poli\u0163ie Jude\u0163ean Buz\u0103u.<\/p>\n<p>&#8222;\u00cen partea a doua estim\u0103m la 100 de poli\u0163i\u015fti \u00een fa\u0163\u0103 la IPJ. Vom continua protestele, avem un calendar la nivel na\u0163ional, p\u00e2n\u0103 se vor rezolva inchit\u0103\u0163ile salariale ale poli\u0163i\u015ftilor&#8221;, a mai precizat liderul Sidepol.Guvernul a adoptat ordonan\u0163a privind unele m\u0103suri fiscal-bugetare, supranumit\u0103 &#8222;Ordonan\u0163a trenule\u0163&#8221;, care urm\u0103re\u015fte stoparea cre\u015fterii cheltuielilor statului, reducerea risipei bugetare cu 1% din PIB\u00a0<\/p>\n<p><a title=\"Liderii coalitiei, sedinta cruciala: se cauta candidat pentru Cotroceni. Data alegerilor si bugetul pe 2025, subiecte fierbinti\" href=\"https:\/\/www.realitatea.net\/stiri\/politica\/liderii-coalitiei-sedinta-cruciala-se-cauta-candidat-pentru-cotroceni-data-alegerilor-si-bugetul-pe-2025-subiecte-fierbinti_677e09bc2e6e6e23ad36e252\">Liderii coali\u021biei, \u0219edin\u021b\u0103 crucial\u0103: se caut\u0103 candidat pentru Cotroceni. Data alegerilor \u0219i bugetul pe 2025, subiecte fierbin\u021bi<\/a><\/p>\n<p>\u00a0<\/p>","protected":false},"excerpt":{"rendered":"<p>Aproximativ 50 de poli\u021bi\u0219ti operativi, care ar fi trebuit s\u0103 fie de serviciu \u00een \u00eentreaga&hellip;<\/p>\n","protected":false},"author":0,"featured_media":22279,"comment_status":"open","ping_status":"open","sticky":false,"template":"","format":"standard","meta":{"footnotes":""},"categories":[2],"tags":[],"class_list":["post-22278","post","type-post","status-publish","format-standard","has-post-thumbnail","hentry","category-actual"],"_links":{"self":[{"href":"https:\/\/247stiri.ro\/index.php\/wp-json\/wp\/v2\/posts\/22278","targetHints":{"allow":["GET"]}}],"collection":[{"href":"https:\/\/247stiri.ro\/index.php\/wp-json\/wp\/v2\/posts"}],"about":[{"href":"https:\/\/247stiri.ro\/index.php\/wp-json\/wp\/v2\/types\/post"}],"replies":[{"embeddable":true,"href":"https:\/\/247stiri.ro\/index.php\/wp-json\/wp\/v2\/comments?post=22278"}],"version-history":[{"count":0,"href":"https:\/\/247stiri.ro\/index.php\/wp-json\/wp\/v2\/posts\/22278\/revisions"}],"wp:featuredmedia":[{"embeddable":true,"href":"https:\/\/247stiri.ro\/index.php\/wp-json\/wp\/v2\/media\/22279"}],"wp:attachment":[{"href":"https:\/\/247stiri.ro\/index.php\/wp-json\/wp\/v2\/media?parent=22278"}],"wp:term":[{"taxonomy":"category","embeddable":true,"href":"https:\/\/247stiri.ro\/index.php\/wp-json\/wp\/v2\/categories?post=22278"},{"taxonomy":"post_tag","embeddable":true,"href":"https:\/\/247stiri.ro\/index.php\/wp-json\/wp\/v2\/tags?post=22278"}],"curies":[{"name":"wp","href":"https:\/\/api.w.org\/{rel}","templated":true}]}}