{"id":22310,"date":"2025-01-08T08:45:29","date_gmt":"2025-01-08T08:45:29","guid":{"rendered":"https:\/\/247stiri.ro\/index.php\/2025\/01\/08\/adolescent-de-14-ani-injunghiat-mortal-intr-un-autobuz-incident-socant-la-londra\/"},"modified":"2025-01-08T08:45:29","modified_gmt":"2025-01-08T08:45:29","slug":"adolescent-de-14-ani-injunghiat-mortal-intr-un-autobuz-incident-socant-la-londra","status":"publish","type":"post","link":"https:\/\/247stiri.ro\/index.php\/2025\/01\/08\/adolescent-de-14-ani-injunghiat-mortal-intr-un-autobuz-incident-socant-la-londra\/","title":{"rendered":"Adolescent de 14 ani, \u00eenjunghiat mortal \u00eentr-un autobuz. Incident \u0219ocant la Londra"},"content":{"rendered":"<p>Poli\u0163ia din Londra, chemat\u0103 mar\u0163i dup\u0103-amiaza \u00een cartierul Woolwich, a anun\u0163at \u00eentr-un comunicat c\u0103 \u201dsalvatorii au tratat un b\u0103iat (\u00een v\u00e2rst\u0103) de 14 ani la fa\u0163a locului care a fost r\u0103nit cu o arm\u0103 alb\u0103, dar care a murit, din nefericire, la pu\u0163in timp dup\u0103\u201d ce au sosit la fa\u0163a locului.<\/p>\n\n<p>Nicio arestare nu a avut loc imediat, anun\u0163\u0103 poli\u0163ia care le cere unor eventuali martori s\u0103 se semnaleze.<\/p>\n<p>Potrivit tabloidului Daily Mail, b\u0103iatul voia s\u0103 intre \u00eentr-un gang.<\/p>\n<p>Acest atac este ultimul dintr-o lung\u0103 list\u0103 \u00een regat, num\u0103rul incidentelor care implic\u0103 arme albe fiind \u00een cre\u015fte.<\/p>\n<p>\u00cen septembrie, un adolescent a murit \u00eenjunghiat tot \u00een cartierul Woolwich.<\/p>\n<p>\u00cen septembrie a intrat \u00een vigoare o lege care interzice macetele \u015fi cu\u0163itele de tip \u201dzombi\u201d &#8211; arme cu t\u0103i\u015f dublu \u015fi lam\u0103 curbat\u0103 -, asociate culturii gangurilor, a c\u0103ror folosire s-a dublat \u00een ultimii cinci ani.<\/p>","protected":false},"excerpt":{"rendered":"<p>Poli\u0163ia din Londra, chemat\u0103 mar\u0163i dup\u0103-amiaza \u00een cartierul Woolwich, a anun\u0163at \u00eentr-un comunicat c\u0103 \u201dsalvatorii&hellip;<\/p>\n","protected":false},"author":0,"featured_media":22296,"comment_status":"open","ping_status":"open","sticky":false,"template":"","format":"standard","meta":{"footnotes":""},"categories":[2],"tags":[],"class_list":["post-22310","post","type-post","status-publish","format-standard","has-post-thumbnail","hentry","category-actual"],"_links":{"self":[{"href":"https:\/\/247stiri.ro\/index.php\/wp-json\/wp\/v2\/posts\/22310","targetHints":{"allow":["GET"]}}],"collection":[{"href":"https:\/\/247stiri.ro\/index.php\/wp-json\/wp\/v2\/posts"}],"about":[{"href":"https:\/\/247stiri.ro\/index.php\/wp-json\/wp\/v2\/types\/post"}],"replies":[{"embeddable":true,"href":"https:\/\/247stiri.ro\/index.php\/wp-json\/wp\/v2\/comments?post=22310"}],"version-history":[{"count":0,"href":"https:\/\/247stiri.ro\/index.php\/wp-json\/wp\/v2\/posts\/22310\/revisions"}],"wp:featuredmedia":[{"embeddable":true,"href":"https:\/\/247stiri.ro\/index.php\/wp-json\/wp\/v2\/media\/22296"}],"wp:attachment":[{"href":"https:\/\/247stiri.ro\/index.php\/wp-json\/wp\/v2\/media?parent=22310"}],"wp:term":[{"taxonomy":"category","embeddable":true,"href":"https:\/\/247stiri.ro\/index.php\/wp-json\/wp\/v2\/categories?post=22310"},{"taxonomy":"post_tag","embeddable":true,"href":"https:\/\/247stiri.ro\/index.php\/wp-json\/wp\/v2\/tags?post=22310"}],"curies":[{"name":"wp","href":"https:\/\/api.w.org\/{rel}","templated":true}]}}