{"id":22399,"date":"2025-01-08T11:45:26","date_gmt":"2025-01-08T11:45:26","guid":{"rendered":"https:\/\/247stiri.ro\/index.php\/2025\/01\/08\/studentul-care-si-a-incendiat-profesorul-a-avut-primul-termen-in-proces-ce-le-a-spus-judecatorilor-am-vrut-sa-il-sperii\/"},"modified":"2025-01-08T11:45:26","modified_gmt":"2025-01-08T11:45:26","slug":"studentul-care-si-a-incendiat-profesorul-a-avut-primul-termen-in-proces-ce-le-a-spus-judecatorilor-am-vrut-sa-il-sperii","status":"publish","type":"post","link":"https:\/\/247stiri.ro\/index.php\/2025\/01\/08\/studentul-care-si-a-incendiat-profesorul-a-avut-primul-termen-in-proces-ce-le-a-spus-judecatorilor-am-vrut-sa-il-sperii\/","title":{"rendered":"Studentul care \u0219i-a INCENDIAT profesorul a avut primul termen \u00een proces. Ce le-a spus judec\u0103torilor: &#8222;Am vrut s\u0103 \u00eel sperii!\u201d"},"content":{"rendered":"<p>Studentul care si-ar fi incendiat profesorul a avut primul termen in proces<\/p>\n<p>V\u0103 reamintim c\u0103 din probatoriul administrat p\u00e2n\u0103 \u00een prezent a rezultat, ca stare de fapt prezumtiv\u0103, c\u0103 la data de 27 iunie 2024, \u00een jurul orei 11:00, dup\u0103 ce nu a fost promovat la un examen tip restan\u0163\u0103 al Facult\u0103\u0163ii de Matematic\u0103 \u015fi Informatic\u0103 din cadrul Universit\u0103\u0163ii Ovidius din Constan\u021ba, t\u00e2n\u0103rul a revenit \u00een laboratorul \u00een care se afla profesorul examinator, l-a stropit inten\u021bionat cu spirt medicinal i-a dat foc cu o brichet\u0103. Lucrurile nu s-au oprit \u00eens\u0103 aici, t\u00e2n\u0103rul a blocat u\u015fa s\u0103lii de curs pentru a \u00eempiedica victima s\u0103 ias\u0103 din laborator.<\/p>\n<p>Datorit\u0103 prezen\u0163ei de spirit a persoanei v\u0103t\u0103mate, care s-a ferit c\u00e2nd a fost stropit\u0103 \u015fi a reu\u015fit s\u0103 sting\u0103 rapid fl\u0103c\u0103rile de pe m\u00e2neca tricoului s\u0103u \u015fi de pe podea, aceasta nu a suferit arsuri pe corp \u00een incidentului.<\/p>\n<p>\u00cen timpul audierilor, studentul a recunoscut comiterea faptei. Acesta sus\u021bine \u00eens\u0103 c\u0103 doar \u00eencercase s\u0103 o sperie pe persoana victim\u0103 \u015fi s\u0103 se r\u0103zbune pe aceasta din cauz\u0103 c\u0103 \u00eei d\u0103duse nota 4 la examen.<\/p>\n<p>\u00cen sala de judecat\u0103, la unul dintre termene, studentul\u00a0a relatat faptul c\u0103 a vrut s\u0103 \u00eel sperie pe profesorul s\u0103u. \u201e\u00cen niciun caz nu am consumat substan\u021be interzise. Sunt o persoan\u0103 serioas\u0103 \u0219i lucrez \u00een domeniul IT de 3 ani. Ini\u021bial am vrut s\u0103 \u00eel sperii\u201d, a spus acesta.<\/p>","protected":false},"excerpt":{"rendered":"<p>Studentul care si-ar fi incendiat profesorul a avut primul termen in proces V\u0103 reamintim c\u0103&hellip;<\/p>\n","protected":false},"author":0,"featured_media":22400,"comment_status":"open","ping_status":"open","sticky":false,"template":"","format":"standard","meta":{"footnotes":""},"categories":[2],"tags":[],"class_list":["post-22399","post","type-post","status-publish","format-standard","has-post-thumbnail","hentry","category-actual"],"_links":{"self":[{"href":"https:\/\/247stiri.ro\/index.php\/wp-json\/wp\/v2\/posts\/22399","targetHints":{"allow":["GET"]}}],"collection":[{"href":"https:\/\/247stiri.ro\/index.php\/wp-json\/wp\/v2\/posts"}],"about":[{"href":"https:\/\/247stiri.ro\/index.php\/wp-json\/wp\/v2\/types\/post"}],"replies":[{"embeddable":true,"href":"https:\/\/247stiri.ro\/index.php\/wp-json\/wp\/v2\/comments?post=22399"}],"version-history":[{"count":0,"href":"https:\/\/247stiri.ro\/index.php\/wp-json\/wp\/v2\/posts\/22399\/revisions"}],"wp:featuredmedia":[{"embeddable":true,"href":"https:\/\/247stiri.ro\/index.php\/wp-json\/wp\/v2\/media\/22400"}],"wp:attachment":[{"href":"https:\/\/247stiri.ro\/index.php\/wp-json\/wp\/v2\/media?parent=22399"}],"wp:term":[{"taxonomy":"category","embeddable":true,"href":"https:\/\/247stiri.ro\/index.php\/wp-json\/wp\/v2\/categories?post=22399"},{"taxonomy":"post_tag","embeddable":true,"href":"https:\/\/247stiri.ro\/index.php\/wp-json\/wp\/v2\/tags?post=22399"}],"curies":[{"name":"wp","href":"https:\/\/api.w.org\/{rel}","templated":true}]}}