{"id":224,"date":"2024-10-20T07:41:18","date_gmt":"2024-10-20T07:41:18","guid":{"rendered":"https:\/\/247stiri.ro\/index.php\/2024\/10\/20\/noi-stenograme-soc-in-cazul-ministrului-nelu-tataru-cine-e-omul-care-l-a-sapat-pe-politician\/"},"modified":"2024-10-20T07:41:18","modified_gmt":"2024-10-20T07:41:18","slug":"noi-stenograme-soc-in-cazul-ministrului-nelu-tataru-cine-e-omul-care-l-a-sapat-pe-politician","status":"publish","type":"post","link":"https:\/\/247stiri.ro\/index.php\/2024\/10\/20\/noi-stenograme-soc-in-cazul-ministrului-nelu-tataru-cine-e-omul-care-l-a-sapat-pe-politician\/","title":{"rendered":"Noi stenograme-\u0218OC \u00een cazul ministrului Nelu T\u0103taru. Cine e omul care l-a \u201es\u0103pat\u201d pe politician"},"content":{"rendered":"<p>\u00a0Contactat de jurnali\u0219tii Realitatea plus, Bogdan Popa, a declarat c\u0103 aceast\u0103 a<a href=\"https:\/\/www.realitatea.net\/stiri\/actual\/avocata-lui-nelu-tataru-la-perchezitii-nu-sa-gasit-nici-macar-o-moneda-din-nicio-inregistrate-nu-rezulta-ca-siar-fi-insusit-bani_67124b79e92c3a41b1199c76\" target=\"_blank\" rel=\"noopener\">\u0219a-zis\u0103 discu\u021bie<\/a> a avut loc \u00een timpul s\u0103u liber, fiind o discu\u021bie privat\u0103, din urm\u0103 cu un an, mai exact de pe 27 octombrie 2023, si c\u0103 \u00een calitate de manager al spitalului nu a recomandat nim\u0103nui nici <a href=\"https:\/\/www.realitatea.net\/stiri\/actual\/ce-au-gasit-procurorii-dna-dupa-perchezitiile-din-biroul-lui-nelu-tataru-fostul-ministru-este-acuzat-ca-ar-fi-primit-mita-de-la-pacienti_6711e8a32a64c003f73b9f33\" target=\"_blank\" rel=\"noopener\">s\u0103 dea si nici s\u0103 ia \u0219pag\u0103<\/a>: &#8222;Fiecare se compromite dup\u0103 propriile fapte\u201d.\u00a0<\/p>\n<p>Manager spital, despre T\u0103taru: \u201e\u00cel ard c\u00e2nd va fi cazul!\u201d<\/p>\n<p>Bogdan Popa: B\u0103i, hai s-o-ncet\u00e3m. Dac\u0103 \u021bi-l ard pe \u0103la (Nelu T\u0103taru, n.r.)? Lucian (n.r. numele reporterului). Cu tot sau nu cu \u0219ef? Cere-i voie \u0219efului. Dac\u0103 pot s\u0103 \u00eel ard, \u00eel ard. Dar nu o s\u0103-l ard acum. Eu nu eram \u00eentr-at\u00e2t de fraier, \u00eenc\u00e2t s-o fac c\u00e2nd \u021bi-am ar\u0103tat. Hai, c\u0103 despre asta vorbim, las-o-n p**la mea. Lucian, eu am treab\u0103. Uai, Luci, eu am treab\u0103 mult\u0103.<\/p>\n<p>Rep: \u0218tiu.<\/p>\n<p>Bogdan Popa: Spune-i muistei (n.r. medicul anestezist cu care, de obicei opereaz\u0103 Nelu T\u0103taru) \u0103leia . Eu m\u0103 c*** \u00een g\u00e2tul ei si \u00een g\u00e2tul lui T\u0103taru. Ca s\u0103-n\u021belegi. \u0102la care te pl\u0103te\u0219te, care o s\u0103-l curentez c\u00e2nd o s\u0103 fie cazul. D\u0103-o-n Dumnezeii mamii ei \u0219i gata.<\/p>\n<p>Rep: Am \u00een\u021beles.<\/p>\n<p>Bogdan Popa: E de gard\u0103, la mine la spital. \u00cei desfiin\u021bez garda, te lini\u0219te\u0219ti sau nu?<\/p>\n<p>&#8230;<\/p>\n<p>Bogdan Popa: Bine, Lucian. Hai. Jigodia aia (n.r. medicul anestezist) e de gard\u0103. I-am chemat \u0219ef de gard\u0103 peste ea. Eu m\u0103 p** pe ea. Da? Bun. F\u0103 ce vrei.\u00a0<\/p>","protected":false},"excerpt":{"rendered":"<p>\u00a0Contactat de jurnali\u0219tii Realitatea plus, Bogdan Popa, a declarat c\u0103 aceast\u0103 a\u0219a-zis\u0103 discu\u021bie a avut&hellip;<\/p>\n","protected":false},"author":0,"featured_media":225,"comment_status":"open","ping_status":"open","sticky":false,"template":"","format":"standard","meta":{"footnotes":""},"categories":[2],"tags":[],"class_list":["post-224","post","type-post","status-publish","format-standard","has-post-thumbnail","hentry","category-actual"],"_links":{"self":[{"href":"https:\/\/247stiri.ro\/index.php\/wp-json\/wp\/v2\/posts\/224","targetHints":{"allow":["GET"]}}],"collection":[{"href":"https:\/\/247stiri.ro\/index.php\/wp-json\/wp\/v2\/posts"}],"about":[{"href":"https:\/\/247stiri.ro\/index.php\/wp-json\/wp\/v2\/types\/post"}],"replies":[{"embeddable":true,"href":"https:\/\/247stiri.ro\/index.php\/wp-json\/wp\/v2\/comments?post=224"}],"version-history":[{"count":0,"href":"https:\/\/247stiri.ro\/index.php\/wp-json\/wp\/v2\/posts\/224\/revisions"}],"wp:featuredmedia":[{"embeddable":true,"href":"https:\/\/247stiri.ro\/index.php\/wp-json\/wp\/v2\/media\/225"}],"wp:attachment":[{"href":"https:\/\/247stiri.ro\/index.php\/wp-json\/wp\/v2\/media?parent=224"}],"wp:term":[{"taxonomy":"category","embeddable":true,"href":"https:\/\/247stiri.ro\/index.php\/wp-json\/wp\/v2\/categories?post=224"},{"taxonomy":"post_tag","embeddable":true,"href":"https:\/\/247stiri.ro\/index.php\/wp-json\/wp\/v2\/tags?post=224"}],"curies":[{"name":"wp","href":"https:\/\/api.w.org\/{rel}","templated":true}]}}