{"id":22401,"date":"2025-01-08T11:45:26","date_gmt":"2025-01-08T11:45:26","guid":{"rendered":"https:\/\/247stiri.ro\/index.php\/2025\/01\/08\/moarte-cumplita-pentru-un-tanar-de-23-de-ani-alexandru-ecuador-a-fost-gasit-decedat-la-doar-o-zi-dupa-ce-a-fost-dat-disparut-de-catre-familie\/"},"modified":"2025-01-08T11:45:26","modified_gmt":"2025-01-08T11:45:26","slug":"moarte-cumplita-pentru-un-tanar-de-23-de-ani-alexandru-ecuador-a-fost-gasit-decedat-la-doar-o-zi-dupa-ce-a-fost-dat-disparut-de-catre-familie","status":"publish","type":"post","link":"https:\/\/247stiri.ro\/index.php\/2025\/01\/08\/moarte-cumplita-pentru-un-tanar-de-23-de-ani-alexandru-ecuador-a-fost-gasit-decedat-la-doar-o-zi-dupa-ce-a-fost-dat-disparut-de-catre-familie\/","title":{"rendered":"Moarte CUMPLIT\u0102 pentru un t\u00e2n\u0103r de 23 de ani. Alexandru Ecuador a fost g\u0103sit decedat la doar o zi dup\u0103 ce a fost dat disp\u0103rut de c\u0103tre familie"},"content":{"rendered":"<p>Dispari\u021bia misterioas\u0103 a lui Alexandru<\/p>\n<p>Alexandru a fost v\u0103zut ultima dat\u0103 duminic\u0103, 5 ianuarie 2025, c\u00e2nd a plecat de acas\u0103 f\u0103r\u0103 s\u0103 mai revin\u0103. Tat\u0103l s\u0103u a sesizat poli\u021bia luni, alert\u00e2nd autorit\u0103\u021bile cu privire la dispari\u021bie. \u00cen \u00eencercarea de a-l g\u0103si, poli\u021bi\u0219tii din cadrul Poli\u021biei Ora\u0219ului B\u0103ile Ol\u0103ne\u0219ti au f\u0103cut publice semnalmentele \u0219i o fotografie a t\u00e2n\u0103rului, cer\u00e2nd sprijinul popula\u021biei.<\/p>\n<p>El avea 1,60 m \u00een\u0103l\u021bime, aproximativ 70 de kilograme, ochi c\u0103prui \u0219i p\u0103r negru. La momentul dispari\u021biei, acesta era \u00eembr\u0103cat cu un trening \u00eenchis la culoare, c\u0103ma\u0219\u0103 albastr\u0103 \u0219i o geac\u0103 neagr\u0103. Poli\u021bia a \u00eendemnat persoanele care de\u021bineau informa\u021bii s\u0103 contacteze <a href=\"https:\/\/www.realitatea.net\/stiri\/extern\/sfarsit-cumplit-pentru-o-tanara-mama-de-27-de-ani-influencerita-sia-dat-ultima-suflare-dupa-ce-sa-inecat-cu-mancare_677bcbe71194cc4f5e71f86f\" target=\"_blank\">cea mai apropiat\u0103 unitate de poli\u021bie<\/a> sau s\u0103 sune la 112.<\/p>\n<p>Descoperirea trupului ne\u00eensufle\u021bit<\/p>\n<p>Din p\u0103cate, c\u0103ut\u0103rile s-au \u00eencheiat mar\u021bi diminea\u021b\u0103, 6 ianuarie 2025, c\u00e2nd trupul lui Alexandru Ecuador a fost g\u0103sit \u00een r\u00e2ul Ol\u0103ne\u0219ti, la o distan\u021b\u0103 de aproximativ un kilometru de casa sa. Poli\u021bia a transmis c\u0103, \u00een urma verific\u0103rilor preliminare, nu au fost identificate urme de violen\u021b\u0103 pe corpul t\u00e2n\u0103rului.<\/p>\n<p>\u201eTrupul ne\u00eensufle\u021bit al t\u00e2n\u0103rului a fost transportat la spital pentru efectuarea necropsiei, cu scopul de a stabili cauza exact\u0103 a decesului,\u201d au precizat reprezentan\u021bii Inspectoratului de Poli\u021bie Jude\u021bean V\u00e2lcea.<\/p>\n<p>Oamenii legii au deschis un dosar penal pentru <a href=\"https:\/\/www.realitatea.net\/stiri\/actual\/descoperire-socanta-in-raul-tisa-cadavrul-unui-barbat-a-fost-gasit-fara-semne-vitale_6761d5604220327833599b22\" target=\"_blank\">ucidere din culp\u0103,<\/a> iar cercet\u0103rile continu\u0103 pentru a elucida \u00eemprejur\u0103rile \u00een care a avut loc tragedia. Familia, prietenii \u0219i \u00eentreaga comunitate din P\u0103u\u0219e\u0219ti-M\u0103gla\u0219i sunt \u00een stare de \u0219oc \u00een urma pierderii t\u00e2n\u0103rului.<\/p>\n<p>\u00a0<\/p>\n<p>\u00a0<\/p>\n<p>\u00a0<\/p>\n<p>\u00a0<\/p>","protected":false},"excerpt":{"rendered":"<p>Dispari\u021bia misterioas\u0103 a lui Alexandru Alexandru a fost v\u0103zut ultima dat\u0103 duminic\u0103, 5 ianuarie 2025,&hellip;<\/p>\n","protected":false},"author":0,"featured_media":22402,"comment_status":"open","ping_status":"open","sticky":false,"template":"","format":"standard","meta":{"footnotes":""},"categories":[2],"tags":[],"class_list":["post-22401","post","type-post","status-publish","format-standard","has-post-thumbnail","hentry","category-actual"],"_links":{"self":[{"href":"https:\/\/247stiri.ro\/index.php\/wp-json\/wp\/v2\/posts\/22401","targetHints":{"allow":["GET"]}}],"collection":[{"href":"https:\/\/247stiri.ro\/index.php\/wp-json\/wp\/v2\/posts"}],"about":[{"href":"https:\/\/247stiri.ro\/index.php\/wp-json\/wp\/v2\/types\/post"}],"replies":[{"embeddable":true,"href":"https:\/\/247stiri.ro\/index.php\/wp-json\/wp\/v2\/comments?post=22401"}],"version-history":[{"count":0,"href":"https:\/\/247stiri.ro\/index.php\/wp-json\/wp\/v2\/posts\/22401\/revisions"}],"wp:featuredmedia":[{"embeddable":true,"href":"https:\/\/247stiri.ro\/index.php\/wp-json\/wp\/v2\/media\/22402"}],"wp:attachment":[{"href":"https:\/\/247stiri.ro\/index.php\/wp-json\/wp\/v2\/media?parent=22401"}],"wp:term":[{"taxonomy":"category","embeddable":true,"href":"https:\/\/247stiri.ro\/index.php\/wp-json\/wp\/v2\/categories?post=22401"},{"taxonomy":"post_tag","embeddable":true,"href":"https:\/\/247stiri.ro\/index.php\/wp-json\/wp\/v2\/tags?post=22401"}],"curies":[{"name":"wp","href":"https:\/\/api.w.org\/{rel}","templated":true}]}}