{"id":22405,"date":"2025-01-08T11:45:27","date_gmt":"2025-01-08T11:45:27","guid":{"rendered":"https:\/\/247stiri.ro\/index.php\/2025\/01\/08\/a-fost-numit-noul-cancelar-interimar-al-austriei-cine-ii-va-lua-locul-celui-care-a-pus-bete-in-roate-intrarii-romaniei-in-schengen\/"},"modified":"2025-01-08T11:45:27","modified_gmt":"2025-01-08T11:45:27","slug":"a-fost-numit-noul-cancelar-interimar-al-austriei-cine-ii-va-lua-locul-celui-care-a-pus-bete-in-roate-intrarii-romaniei-in-schengen","status":"publish","type":"post","link":"https:\/\/247stiri.ro\/index.php\/2025\/01\/08\/a-fost-numit-noul-cancelar-interimar-al-austriei-cine-ii-va-lua-locul-celui-care-a-pus-bete-in-roate-intrarii-romaniei-in-schengen\/","title":{"rendered":"A fost numit noul cancelar interimar al Austriei. Cine \u00eei va lua locul celui care a pus be\u021be \u00een roate intr\u0103rii Rom\u00e2niei \u00een Schengen"},"content":{"rendered":"<p>Luni, Van der Bellen l-a \u00eemputernicit oficial pe Herbert Kickl, liderul Partidului Libert\u0103\u021bii (FPO, un partid populist de extrem\u0103 dreapta), s\u0103 formeze un nou guvern de coali\u021bie, dup\u0103 ce o tentativ\u0103 a forma\u021biunilor centriste de a crea un executiv f\u0103r\u0103 FPO a e\u0219uat nea\u0219teptat la sf\u00e2r\u0219itul s\u0103pt\u0103m\u00e2nii anterioare.<\/p>\n\n<p>Partidul Libert\u0103\u021bii a ob\u021binut victoria \u00een alegerile din septembrie, acumul\u00e2nd 29% din voturi, urmat de Partidul Poporului (OVP, conservator) cu 26,3% \u0219i de Partidul Social Democrat cu 21,1%.<\/p>\n\n<p>Ceremonia de predare a func\u021biei c\u0103tre Schallenberg, care a mai ocupat anterior postul de cancelar timp de dou\u0103 luni \u00een 2021, va avea loc vineri, la ora local\u0103 11:00 (10:00 GMT), conform comunicatului emis de biroul lui Van der Bellen.<\/p>\n<p><a href=\"https:\/\/www.realitatea.net\/stiri\/actual\/demisie-de-rasunet-la-nivel-international-cancelarul-austriei-karl-nehammer-va-renunta-la-functie-in-urmatoarele-zile-de-ce-face-un-pas-inapoi_67799823614c640efa77ced3\" target=\"_blank\">Demisie de r\u0103sunet la nivel interna\u021bional! Cancelarul Austriei Karl Nehammer va renun\u021ba la func\u021bie \u201e\u00een urm\u0103toarele zile\u201d: de ce face un pas \u00eenapoi<\/a><\/p>","protected":false},"excerpt":{"rendered":"<p>Luni, Van der Bellen l-a \u00eemputernicit oficial pe Herbert Kickl, liderul Partidului Libert\u0103\u021bii (FPO, un&hellip;<\/p>\n","protected":false},"author":0,"featured_media":22382,"comment_status":"open","ping_status":"open","sticky":false,"template":"","format":"standard","meta":{"footnotes":""},"categories":[2],"tags":[],"class_list":["post-22405","post","type-post","status-publish","format-standard","has-post-thumbnail","hentry","category-actual"],"_links":{"self":[{"href":"https:\/\/247stiri.ro\/index.php\/wp-json\/wp\/v2\/posts\/22405","targetHints":{"allow":["GET"]}}],"collection":[{"href":"https:\/\/247stiri.ro\/index.php\/wp-json\/wp\/v2\/posts"}],"about":[{"href":"https:\/\/247stiri.ro\/index.php\/wp-json\/wp\/v2\/types\/post"}],"replies":[{"embeddable":true,"href":"https:\/\/247stiri.ro\/index.php\/wp-json\/wp\/v2\/comments?post=22405"}],"version-history":[{"count":0,"href":"https:\/\/247stiri.ro\/index.php\/wp-json\/wp\/v2\/posts\/22405\/revisions"}],"wp:featuredmedia":[{"embeddable":true,"href":"https:\/\/247stiri.ro\/index.php\/wp-json\/wp\/v2\/media\/22382"}],"wp:attachment":[{"href":"https:\/\/247stiri.ro\/index.php\/wp-json\/wp\/v2\/media?parent=22405"}],"wp:term":[{"taxonomy":"category","embeddable":true,"href":"https:\/\/247stiri.ro\/index.php\/wp-json\/wp\/v2\/categories?post=22405"},{"taxonomy":"post_tag","embeddable":true,"href":"https:\/\/247stiri.ro\/index.php\/wp-json\/wp\/v2\/tags?post=22405"}],"curies":[{"name":"wp","href":"https:\/\/api.w.org\/{rel}","templated":true}]}}