{"id":2242,"date":"2024-10-27T10:48:47","date_gmt":"2024-10-27T10:48:47","guid":{"rendered":"https:\/\/247stiri.ro\/index.php\/2024\/10\/27\/nicolae-ciuca-atac-la-psd-au-lasat-fermierii-fara-sprijinul-constant-pe-care-il-merita\/"},"modified":"2024-10-27T10:48:47","modified_gmt":"2024-10-27T10:48:47","slug":"nicolae-ciuca-atac-la-psd-au-lasat-fermierii-fara-sprijinul-constant-pe-care-il-merita","status":"publish","type":"post","link":"https:\/\/247stiri.ro\/index.php\/2024\/10\/27\/nicolae-ciuca-atac-la-psd-au-lasat-fermierii-fara-sprijinul-constant-pe-care-il-merita\/","title":{"rendered":"Nicolae Ciuc\u0103, atac la PSD: \u201eAu l\u0103sat fermierii f\u0103r\u0103 sprijinul constant pe care \u00eel merit\u0103!\u201d"},"content":{"rendered":"<p>\u201e\u00cen zi de s\u0103rb\u0103toare \u0219i duminic\u0103, la mine, \u00een Oltenia, oamenii merg la t\u00e2rg. Se \u00eent\u00e2lnesc, vorbesc despre via\u021b\u0103, v\u00e2nd \u0219i cump\u0103r\u0103 roadele p\u0103m\u00e2ntului. Cujmir este t\u00e2rgul \u00een care am fost azi.Am \u00eent\u00e2lnit oameni m\u00e2ndri de munca lor, care \u00ee\u0219i doresc un trai mai bun. Ca premier, am sprijinit agricultura cu peste 500 de milioane de euro. Am cerut urgentarea pl\u0103\u021bilor pentru fermieri \u0219i am introdus o prim\u0103 de 10% pentru produsele procesate local. PSD, \u00eens\u0103, a ales s\u0103 ignore aceste m\u0103suri esen\u021biale, l\u0103s\u00e2nd fermierii f\u0103r\u0103 sprijinul constant pe care \u00eel merit\u0103.Mul\u021bi tineri s-au \u00eentors din str\u0103in\u0103tate \u0219i au ales s\u0103 r\u0103m\u00e2n\u0103 aici, implica\u021bi \u00een agricultur\u0103, cu credin\u021ba c\u0103 aceasta este \u201eafacerea viitorului\u201d. Muncind p\u0103m\u00e2ntul, \u00ee\u0219i construiesc nu doar propriul viitor, ci \u0219i pe al Rom\u00e2niei. Statul trebuie s\u0103 fie un partener de \u00eencredere pentru ace\u0219ti oameni. Agricultorii au nevoie de sprijin \u0219i resurse pentru ca satul rom\u00e2nesc s\u0103 r\u0103m\u00e2n\u0103 puternic.R\u0103m\u00e2n \u00een slujba \u021b\u0103rii pentru o Rom\u00e2nie sigur\u0103 \u0219i prosper\u0103!\u201d, scrie Ciuc\u0103 pe Facebook.<\/p>","protected":false},"excerpt":{"rendered":"<p>\u201e\u00cen zi de s\u0103rb\u0103toare \u0219i duminic\u0103, la mine, \u00een Oltenia, oamenii merg la t\u00e2rg. Se&hellip;<\/p>\n","protected":false},"author":0,"featured_media":2238,"comment_status":"open","ping_status":"open","sticky":false,"template":"","format":"standard","meta":{"footnotes":""},"categories":[2],"tags":[],"class_list":["post-2242","post","type-post","status-publish","format-standard","has-post-thumbnail","hentry","category-actual"],"_links":{"self":[{"href":"https:\/\/247stiri.ro\/index.php\/wp-json\/wp\/v2\/posts\/2242","targetHints":{"allow":["GET"]}}],"collection":[{"href":"https:\/\/247stiri.ro\/index.php\/wp-json\/wp\/v2\/posts"}],"about":[{"href":"https:\/\/247stiri.ro\/index.php\/wp-json\/wp\/v2\/types\/post"}],"replies":[{"embeddable":true,"href":"https:\/\/247stiri.ro\/index.php\/wp-json\/wp\/v2\/comments?post=2242"}],"version-history":[{"count":0,"href":"https:\/\/247stiri.ro\/index.php\/wp-json\/wp\/v2\/posts\/2242\/revisions"}],"wp:featuredmedia":[{"embeddable":true,"href":"https:\/\/247stiri.ro\/index.php\/wp-json\/wp\/v2\/media\/2238"}],"wp:attachment":[{"href":"https:\/\/247stiri.ro\/index.php\/wp-json\/wp\/v2\/media?parent=2242"}],"wp:term":[{"taxonomy":"category","embeddable":true,"href":"https:\/\/247stiri.ro\/index.php\/wp-json\/wp\/v2\/categories?post=2242"},{"taxonomy":"post_tag","embeddable":true,"href":"https:\/\/247stiri.ro\/index.php\/wp-json\/wp\/v2\/tags?post=2242"}],"curies":[{"name":"wp","href":"https:\/\/api.w.org\/{rel}","templated":true}]}}