{"id":22432,"date":"2025-01-08T12:44:55","date_gmt":"2025-01-08T12:44:55","guid":{"rendered":"https:\/\/247stiri.ro\/index.php\/2025\/01\/08\/doi-adolescenti-de-15-ani-dati-disparuti-in-urma-cu-4-zile-gasiti-morti-pe-un-camp-de-langa-tulcea-nu-este-exclusa-sinuciderea-conform-presei-locale\/"},"modified":"2025-01-08T12:44:55","modified_gmt":"2025-01-08T12:44:55","slug":"doi-adolescenti-de-15-ani-dati-disparuti-in-urma-cu-4-zile-gasiti-morti-pe-un-camp-de-langa-tulcea-nu-este-exclusa-sinuciderea-conform-presei-locale","status":"publish","type":"post","link":"https:\/\/247stiri.ro\/index.php\/2025\/01\/08\/doi-adolescenti-de-15-ani-dati-disparuti-in-urma-cu-4-zile-gasiti-morti-pe-un-camp-de-langa-tulcea-nu-este-exclusa-sinuciderea-conform-presei-locale\/","title":{"rendered":"Doi adolescen\u0163i de 15 ani, da\u021bi disp\u0103ru\u021bi \u00een urm\u0103 cu 4 zile, g\u0103si\u0163i MOR\u021aI pe un c\u00e2mp de l\u00e2ng\u0103 Tulcea. Nu este exclus\u0103 sinuciderea, conform presei locale"},"content":{"rendered":"<p>Poli\u0163i\u015ftii au fost sesiza\u0163i, \u00een 4 ianuarie, cu privire la dispari\u0163ia a doi adolescen\u0163i, ambii \u00een v\u00e2rst\u0103 de 15 ani, care au plecat de la locuin\u0163ele lor \u015fi nu au mai revenit.\u00a0\u201dImediat dup\u0103 sesizarea depus\u0103 privind plecarea voluntar\u0103 a celor doi, poli\u0163i\u015ftii Serviciului de Investiga\u0163ii Criminale, c\u00e2t \u015fi cei ai Poli\u0163iei Municipiului Tulcea, au demarat proceduri ample de depistare a acestora. De asemenea, la data de 6 ianuarie, apar\u0163in\u0103torii unuia dintre minori \u015fi-au exprimat acordul cu privire la mediatizarea cazului, astfel fiind solicitat sprijinul cet\u0103\u0163enilor, prin intermediul mass-mediei, iar \u00een cazul celui de-al doilea minor, apar\u0163in\u0103torii nu au fost de acord cu mediatizarea cazului\u201d, au precizat reprezentan\u021bii Inspectoratului de Poli\u0163ie Jude\u0163ean (IPJ) Tulcea.\u00a0Potrivit sursei citate, anchetatorii au ref\u0103cut traseul parcurs de persoanele disp\u0103rute, prin vizionarea camerelor de supraveghere, \u015fi au stabilit c\u0103 acestea au mers \u00eentr-o zon\u0103 de c\u00e2mp din apropierea municipiului Tulcea.\u00a0\u00a0\u201dAstfel, a fost desf\u0103\u015furat\u0103 o activitate de scotocire a c\u00e2mpului respectiv, fiind implicate echipe de investiga\u0163ii criminale, ordine public\u0103, echipe canine, efective de jandarmi, pompieri \u015fi voluntari, \u00een urma c\u0103rora au fost g\u0103si\u0163i cei doi minori, f\u0103r\u0103 a prezenta semne vitale, av\u00e2nd semnalmente ce corespund cu cele ale persoanelor disp\u0103rute\u201d, a transmis sursa citat\u0103.\u00a0<\/p>\n<p>Potrivit presei locale, nu este exclus faptul ca cei doi s\u0103 \u00ee\u015fi fi premeditat gestul \u015fi s\u0103 se fi aruncat de pe peretele vertical al \u00a0carierei\u00a0 Bididia, cu o \u00een\u0103l\u0163ime de peste 20 de metri. Vorbim despre o fat\u0103 \u0219i despre un b\u0103iat care ar fi fost prieteni.\u00a0\u00a0Poli\u0163i\u015ftii continu\u0103 cercet\u0103rile \u00een cadrul unui dosar penal deschis pentru ucidere din culp\u0103.<\/p>","protected":false},"excerpt":{"rendered":"<p>Poli\u0163i\u015ftii au fost sesiza\u0163i, \u00een 4 ianuarie, cu privire la dispari\u0163ia a doi adolescen\u0163i, ambii&hellip;<\/p>\n","protected":false},"author":0,"featured_media":22433,"comment_status":"open","ping_status":"open","sticky":false,"template":"","format":"standard","meta":{"footnotes":""},"categories":[2],"tags":[],"class_list":["post-22432","post","type-post","status-publish","format-standard","has-post-thumbnail","hentry","category-actual"],"_links":{"self":[{"href":"https:\/\/247stiri.ro\/index.php\/wp-json\/wp\/v2\/posts\/22432","targetHints":{"allow":["GET"]}}],"collection":[{"href":"https:\/\/247stiri.ro\/index.php\/wp-json\/wp\/v2\/posts"}],"about":[{"href":"https:\/\/247stiri.ro\/index.php\/wp-json\/wp\/v2\/types\/post"}],"replies":[{"embeddable":true,"href":"https:\/\/247stiri.ro\/index.php\/wp-json\/wp\/v2\/comments?post=22432"}],"version-history":[{"count":0,"href":"https:\/\/247stiri.ro\/index.php\/wp-json\/wp\/v2\/posts\/22432\/revisions"}],"wp:featuredmedia":[{"embeddable":true,"href":"https:\/\/247stiri.ro\/index.php\/wp-json\/wp\/v2\/media\/22433"}],"wp:attachment":[{"href":"https:\/\/247stiri.ro\/index.php\/wp-json\/wp\/v2\/media?parent=22432"}],"wp:term":[{"taxonomy":"category","embeddable":true,"href":"https:\/\/247stiri.ro\/index.php\/wp-json\/wp\/v2\/categories?post=22432"},{"taxonomy":"post_tag","embeddable":true,"href":"https:\/\/247stiri.ro\/index.php\/wp-json\/wp\/v2\/tags?post=22432"}],"curies":[{"name":"wp","href":"https:\/\/api.w.org\/{rel}","templated":true}]}}