{"id":22437,"date":"2025-01-08T12:44:56","date_gmt":"2025-01-08T12:44:56","guid":{"rendered":"https:\/\/247stiri.ro\/index.php\/2025\/01\/08\/alerta-disparitie-maria-are-69-de-ani-si-este-de-negasit\/"},"modified":"2025-01-08T12:44:56","modified_gmt":"2025-01-08T12:44:56","slug":"alerta-disparitie-maria-are-69-de-ani-si-este-de-negasit","status":"publish","type":"post","link":"https:\/\/247stiri.ro\/index.php\/2025\/01\/08\/alerta-disparitie-maria-are-69-de-ani-si-este-de-negasit\/","title":{"rendered":"Alert\u0103 dispari\u021bie: Maria are 69 de ani \u0219i este de neg\u0103sit"},"content":{"rendered":"<p>Semnalmentele femeii<\/p>\n<p>Maria Roman, \u00een v\u00e2rst\u0103 de 69 de ani, are aproximativ 1,50 metri \u00een\u0103l\u021bime, c\u00e2nt\u0103re\u0219te 50 de kilograme, are p\u0103rul scurt \u0219i grizonat, iar ochii sunt c\u0103prui. Familia nu a putut oferi detalii despre vestimenta\u021bia pe care o purta femeia \u00een momentul dispari\u021biei.<\/p>\n<p>Poli\u021bia a lansat un apel public c\u0103tre to\u021bi cei care ar putea <a href=\"https:\/\/www.realitatea.net\/stiri\/actual\/o-adolescenta-de-15-ani-din-judetul-alba-data-disparuta-de-familie-a-fost-gasita-in-bucuresti-ce-lea-spus-fata-politistilor_677af0a2df9d825d0d7a04a2\" target=\"_blank\">de\u021bine informa\u021bii<\/a> despre locul \u00een care se afl\u0103 Maria Roman. Cei care pot ajuta sunt ruga\u021bi s\u0103 contacteze serviciul unic de urgen\u021b\u0103 112 sau s\u0103 se prezinte la cea mai apropiat\u0103 unitate de poli\u021bie.<\/p>\n<p><a href=\"https:\/\/www.realitatea.net\/stiri\/actual\/alerta-disparitie-in-olanda-alexandra-are-32-de-ani-si-este-de-negasit_6767c6c408181c790f4cfc82\" target=\"_blank\">Ancheta este \u00een desf\u0103\u0219urare<\/a>, iar autorit\u0103\u021bile fac eforturi pentru a stabili circumstan\u021bele plec\u0103rii femeii \u0219i pentru a o aduce \u00een siguran\u021b\u0103 acas\u0103.\u00a0<\/p>","protected":false},"excerpt":{"rendered":"<p>Semnalmentele femeii Maria Roman, \u00een v\u00e2rst\u0103 de 69 de ani, are aproximativ 1,50 metri \u00een\u0103l\u021bime,&hellip;<\/p>\n","protected":false},"author":0,"featured_media":22438,"comment_status":"open","ping_status":"open","sticky":false,"template":"","format":"standard","meta":{"footnotes":""},"categories":[2],"tags":[],"class_list":["post-22437","post","type-post","status-publish","format-standard","has-post-thumbnail","hentry","category-actual"],"_links":{"self":[{"href":"https:\/\/247stiri.ro\/index.php\/wp-json\/wp\/v2\/posts\/22437","targetHints":{"allow":["GET"]}}],"collection":[{"href":"https:\/\/247stiri.ro\/index.php\/wp-json\/wp\/v2\/posts"}],"about":[{"href":"https:\/\/247stiri.ro\/index.php\/wp-json\/wp\/v2\/types\/post"}],"replies":[{"embeddable":true,"href":"https:\/\/247stiri.ro\/index.php\/wp-json\/wp\/v2\/comments?post=22437"}],"version-history":[{"count":0,"href":"https:\/\/247stiri.ro\/index.php\/wp-json\/wp\/v2\/posts\/22437\/revisions"}],"wp:featuredmedia":[{"embeddable":true,"href":"https:\/\/247stiri.ro\/index.php\/wp-json\/wp\/v2\/media\/22438"}],"wp:attachment":[{"href":"https:\/\/247stiri.ro\/index.php\/wp-json\/wp\/v2\/media?parent=22437"}],"wp:term":[{"taxonomy":"category","embeddable":true,"href":"https:\/\/247stiri.ro\/index.php\/wp-json\/wp\/v2\/categories?post=22437"},{"taxonomy":"post_tag","embeddable":true,"href":"https:\/\/247stiri.ro\/index.php\/wp-json\/wp\/v2\/tags?post=22437"}],"curies":[{"name":"wp","href":"https:\/\/api.w.org\/{rel}","templated":true}]}}