{"id":22439,"date":"2025-01-08T13:45:40","date_gmt":"2025-01-08T13:45:40","guid":{"rendered":"https:\/\/247stiri.ro\/index.php\/2025\/01\/08\/dragoste-cu-nabadai-un-fost-primar-al-capitalei-a-fost-prins-de-sotie-in-timp-ce-o-insela-era-cu-o-tipa-la-masa-de-gat\/"},"modified":"2025-01-08T13:45:40","modified_gmt":"2025-01-08T13:45:40","slug":"dragoste-cu-nabadai-un-fost-primar-al-capitalei-a-fost-prins-de-sotie-in-timp-ce-o-insela-era-cu-o-tipa-la-masa-de-gat","status":"publish","type":"post","link":"https:\/\/247stiri.ro\/index.php\/2025\/01\/08\/dragoste-cu-nabadai-un-fost-primar-al-capitalei-a-fost-prins-de-sotie-in-timp-ce-o-insela-era-cu-o-tipa-la-masa-de-gat\/","title":{"rendered":"Dragoste cu n\u0103b\u0103d\u0103i. Un fost primar al Capitalei a fost prins de so\u021bie \u00een timp ce o \u00een\u0219ela: \u201eEra cu o tip\u0103 la mas\u0103, de g\u00e2t\u201d"},"content":{"rendered":"<p>Descoperirea infidelit\u0103\u021bii lui Viorel<\/p>\n<p><a href=\"https:\/\/www.realitatea.net\/stiri\/monden\/oana-lis-a-postat-prima-fotografie-cu-viorel-lis-din-spital-cum-arata-fostul-edil_6740dc9470ad2d23cf2b5782\" target=\"_blank\">Oana a m\u0103rturisit<\/a> c\u0103 b\u0103nuielile sale au fost confirmate din \u00eent\u00e2mplare, \u00een timp ce se afla \u00eentr-un taxi. \u201eEram \u00een ma\u0219in\u0103, iar \u0219oferul a luat-o pe o strad\u0103 unde era un restaurant italian. Am recunoscut imediat ma\u0219ina lui Viorel parcat\u0103 acolo\u201d, a relatat ea.<\/p>\n<p>Curiozitatea \u0219i instinctul au \u00eempins-o s\u0103 intre \u00een restaurant pentru a verifica situa\u021bia. \u201eAm b\u0103gat capul \u00een separeu, iar acolo era Viorel, la mas\u0103, al\u0103turi de o femeie. O cuno\u0219team pe tip\u0103. Erau apropia\u021bi, de g\u00e2t, iar imaginea m-a lovit direct \u00een suflet\u201d, a spus Oana.<\/p>\n\n<p>\u00a0 \u00a0 \u00a0 \u00a0 \u00a0 \u00a0 \u00a0 \u00a0Oana \u0219i Viorel Lis la \u00eenceputul rela\u021biei \/ Sursa foto &#8211; Facebook<\/p>\n<p>Reac\u021bia fostului edil \u00een fa\u021ba infidelit\u0103\u021bii<\/p>\n<p>De\u0219i profund afectat\u0103, Oana a ales s\u0103 gestioneze situa\u021bia cu calm. \u201eM-am uitat la ei, dar nu am spus nimic. Mi-a fost ru\u0219ine s\u0103 fac scandal. Am plecat imediat, dar m-a cuprins pl\u00e2nsul. Totu\u0219i, Viorel a venit dup\u0103 mine, iar asta a contat foarte mult pentru mine\u201d, a ad\u0103ugat ea.<\/p>\n<p>Acest moment de criz\u0103 a fost unul dintre cele mai dificile din rela\u021bia lor, dar cuplul a g\u0103sit puterea de a merge mai departe. Oana a subliniat c\u0103, \u00een ciuda incidentului, rela\u021bia lor s-a consolidat \u00een timp, iar episodul respectiv a r\u0103mas \u00een trecut.<\/p>\n<p>De-a lungul anilor, povestea lor de iubire a fost intens mediatizat\u0103, fiind un subiect constant de interes public. \u00cen ciuda provoc\u0103rilor \u0219i a diferen\u021bei de v\u00e2rst\u0103, <a href=\"https:\/\/www.realitatea.net\/stiri\/lifestyle\/viorel-lis-a-ajuns-la-spital-sotia-sa-oana-a-dezvaluirit-care-este-starea-fostului-edil_673f67942a8f8f701a29169f\" target=\"_blank\">Oana \u0219i Viorel Lis<\/a> continu\u0103 s\u0103 fie \u00eempreun\u0103, demonstr\u00e2nd c\u0103 rela\u021biile pot supravie\u021bui chiar \u0219i celor mai dificile \u00eencerc\u0103ri.<\/p>","protected":false},"excerpt":{"rendered":"<p>Descoperirea infidelit\u0103\u021bii lui Viorel Oana a m\u0103rturisit c\u0103 b\u0103nuielile sale au fost confirmate din \u00eent\u00e2mplare,&hellip;<\/p>\n","protected":false},"author":0,"featured_media":22440,"comment_status":"open","ping_status":"open","sticky":false,"template":"","format":"standard","meta":{"footnotes":""},"categories":[8],"tags":[],"class_list":["post-22439","post","type-post","status-publish","format-standard","has-post-thumbnail","hentry","category-lifestyle"],"_links":{"self":[{"href":"https:\/\/247stiri.ro\/index.php\/wp-json\/wp\/v2\/posts\/22439","targetHints":{"allow":["GET"]}}],"collection":[{"href":"https:\/\/247stiri.ro\/index.php\/wp-json\/wp\/v2\/posts"}],"about":[{"href":"https:\/\/247stiri.ro\/index.php\/wp-json\/wp\/v2\/types\/post"}],"replies":[{"embeddable":true,"href":"https:\/\/247stiri.ro\/index.php\/wp-json\/wp\/v2\/comments?post=22439"}],"version-history":[{"count":0,"href":"https:\/\/247stiri.ro\/index.php\/wp-json\/wp\/v2\/posts\/22439\/revisions"}],"wp:featuredmedia":[{"embeddable":true,"href":"https:\/\/247stiri.ro\/index.php\/wp-json\/wp\/v2\/media\/22440"}],"wp:attachment":[{"href":"https:\/\/247stiri.ro\/index.php\/wp-json\/wp\/v2\/media?parent=22439"}],"wp:term":[{"taxonomy":"category","embeddable":true,"href":"https:\/\/247stiri.ro\/index.php\/wp-json\/wp\/v2\/categories?post=22439"},{"taxonomy":"post_tag","embeddable":true,"href":"https:\/\/247stiri.ro\/index.php\/wp-json\/wp\/v2\/tags?post=22439"}],"curies":[{"name":"wp","href":"https:\/\/api.w.org\/{rel}","templated":true}]}}