{"id":22451,"date":"2025-01-08T13:45:44","date_gmt":"2025-01-08T13:45:44","guid":{"rendered":"https:\/\/247stiri.ro\/index.php\/2025\/01\/08\/mutare-de-impact-pe-scena-politica-ana-birchall-a-solicitat-curtii-constitutionale-sa-constate-vacantarea-functiei-de-presedinte-al-romaniei\/"},"modified":"2025-01-08T13:45:44","modified_gmt":"2025-01-08T13:45:44","slug":"mutare-de-impact-pe-scena-politica-ana-birchall-a-solicitat-curtii-constitutionale-sa-constate-vacantarea-functiei-de-presedinte-al-romaniei","status":"publish","type":"post","link":"https:\/\/247stiri.ro\/index.php\/2025\/01\/08\/mutare-de-impact-pe-scena-politica-ana-birchall-a-solicitat-curtii-constitutionale-sa-constate-vacantarea-functiei-de-presedinte-al-romaniei\/","title":{"rendered":"Mutare de impact pe scena politic\u0103: Ana Birchall a solicitat Cur\u021bii Constitu\u021bionale s\u0103 constate vacantarea func\u021biei de pre\u0219edinte al Rom\u00e2niei"},"content":{"rendered":"<p>&#8216;Rom\u00e2nia este \u00een acest moment o \u021bar\u0103 arestat\u0103 \u0219i transformat\u0103 \u00eentr-un cazinou de jocurile de culise \u0219i aranjamentele unora sau altora! Reda\u021bi-ne ceea ce ne apar\u021bine: democra\u021bia, dreptul de a alege, dreptul de a ne hot\u0103r\u00ee singuri soarta \u0219i drumul pe care vrem s\u0103 mergem. Solicit de urgen\u021b\u0103 ca CCR s\u0103 respecte Constitu\u021bia \u0219i s\u0103 constate vacantarea func\u021biei de pre\u0219edinte al Rom\u00e2niei&#8217;, a scris, pe Facebook, Birchall, care a candidat independent la alegerile preziden\u021biale de la sf\u00e2r\u0219itul anului trecut.Potrivit acesteia, CCR este obligat\u0103 conform articolului 146 litera g) din Constitu\u021bie s\u0103 constate vacantarea func\u021biei de pre\u0219edinte al Rom\u00e2niei \u0219i interimatul acesteia \u0219i s\u0103 comunice acest lucru, de urgen\u021b\u0103, Guvernului \u0219i Parlamentului. Interimatul este asigurat conform articolului 98 alineatul 1 din Constitu\u021bie, &#8216;\u00een ordine, de pre\u0219edintele Senatului sau de pre\u0219edintele Camerei Deputa\u021bilor&#8217;, a explicat Ana Birchall.&#8217;Dup\u0103 comunicarea pe care trebuie legal s\u0103 o fac\u0103 CCR prin care se constat\u0103 vacantarea func\u021biei de pre\u0219edinte, \u00een baza art. 97 alin. 2 din Constitu\u021bie, Guvernul este obligat ca &#8216;\u00een termen de 3 luni de la data la care a intervenit vacan\u021ba func\u021biei de Pre\u0219edinte al Rom\u00e2niei&#8217; s\u0103 organizeze alegeri pentru func\u021bia de pre\u0219edinte al Rom\u00e2niei! CCR trebuie s\u0103 respecte Constitu\u021bia fiind cu mult \u00een \u00eent\u00e2rziere \u0219i este responsabil\u0103 de situa\u021bia creat\u0103 prin nedeclararea vacant\u0103rii func\u021biei de pre\u0219edinte al Rom\u00e2niei&#8217;, a transmis Birchall.<\/p>\n<p><a title='Ana Birchall, gafa uriasa dupa ce a fost intrebata cat costa un kilogram de carne de porc: ,,Nu stiu, cam 150 de RON?\"' href=\"https:\/\/www.realitatea.net\/stiri\/actual\/ana-birchall-gafa-uriasa-dupa-ce-a-fost-intrebata-cat-costa-un-kilogram-de-carne-de-porc-nu-stiu-cam-150-de-ron_6735c3032cfd2f7c757dc2b9\">Ana Birchall, gaf\u0103 uria\u0219\u0103 dup\u0103 ce a fost \u00eentrebat\u0103 c\u00e2t cost\u0103 un kilogram de carne de porc: \u201eNu \u0219tiu, cam 150 de RON?\u201d<\/a><\/p>","protected":false},"excerpt":{"rendered":"<p>&#8216;Rom\u00e2nia este \u00een acest moment o \u021bar\u0103 arestat\u0103 \u0219i transformat\u0103 \u00eentr-un cazinou de jocurile de&hellip;<\/p>\n","protected":false},"author":0,"featured_media":22446,"comment_status":"open","ping_status":"open","sticky":false,"template":"","format":"standard","meta":{"footnotes":""},"categories":[2],"tags":[],"class_list":["post-22451","post","type-post","status-publish","format-standard","has-post-thumbnail","hentry","category-actual"],"_links":{"self":[{"href":"https:\/\/247stiri.ro\/index.php\/wp-json\/wp\/v2\/posts\/22451","targetHints":{"allow":["GET"]}}],"collection":[{"href":"https:\/\/247stiri.ro\/index.php\/wp-json\/wp\/v2\/posts"}],"about":[{"href":"https:\/\/247stiri.ro\/index.php\/wp-json\/wp\/v2\/types\/post"}],"replies":[{"embeddable":true,"href":"https:\/\/247stiri.ro\/index.php\/wp-json\/wp\/v2\/comments?post=22451"}],"version-history":[{"count":0,"href":"https:\/\/247stiri.ro\/index.php\/wp-json\/wp\/v2\/posts\/22451\/revisions"}],"wp:featuredmedia":[{"embeddable":true,"href":"https:\/\/247stiri.ro\/index.php\/wp-json\/wp\/v2\/media\/22446"}],"wp:attachment":[{"href":"https:\/\/247stiri.ro\/index.php\/wp-json\/wp\/v2\/media?parent=22451"}],"wp:term":[{"taxonomy":"category","embeddable":true,"href":"https:\/\/247stiri.ro\/index.php\/wp-json\/wp\/v2\/categories?post=22451"},{"taxonomy":"post_tag","embeddable":true,"href":"https:\/\/247stiri.ro\/index.php\/wp-json\/wp\/v2\/tags?post=22451"}],"curies":[{"name":"wp","href":"https:\/\/api.w.org\/{rel}","templated":true}]}}