{"id":22466,"date":"2025-01-08T14:45:55","date_gmt":"2025-01-08T14:45:55","guid":{"rendered":"https:\/\/247stiri.ro\/index.php\/2025\/01\/08\/tudorel-toader-sustine-ca-nu-ccr-i-a-prelungit-mandatul-lui-iohannis-stim-cu-toti-ce-interese-sunt\/"},"modified":"2025-01-08T14:45:55","modified_gmt":"2025-01-08T14:45:55","slug":"tudorel-toader-sustine-ca-nu-ccr-i-a-prelungit-mandatul-lui-iohannis-stim-cu-toti-ce-interese-sunt","status":"publish","type":"post","link":"https:\/\/247stiri.ro\/index.php\/2025\/01\/08\/tudorel-toader-sustine-ca-nu-ccr-i-a-prelungit-mandatul-lui-iohannis-stim-cu-toti-ce-interese-sunt\/","title":{"rendered":"Tudorel Toader sus\u021bine c\u0103 nu CCR i-a prelungit mandatul lui Iohannis: \u201e\u0218tim cu to\u021bi ce interese sunt!\u201d"},"content":{"rendered":"<p>Curtea a preluat un aliniat din art. 83 \u0219i fiecare l-a \u00een\u021beles cum a vrut \u0219i cum i-a pl\u0103cut, a spus fostul judec\u0103tor CCR.<\/p>\n<p>\u00centrebat dac\u0103 exist\u0103 vreun interes s\u0103 se prelungeasc\u0103 interimatul lui Iohannis, fostul judec\u0103tor a r\u0103spuns: \u201eE, \u0219tim cu to\u021bii c\u0103 da. Nu \u0219tiu, din partea cui sigur. (\u2026) Actuala coali\u021bie, actualul guvern putea s\u0103 adopte HG cu graficul alegerilor de a doua zi de la publicarea Hot\u0103r\u00e2rii \u00een Monitorul Oficial\u2026\u201d.<\/p>\n<p>Am\u00a0 \u00eenceput anul cu frisoane, cu nedumeriri, iar guvernul ar putea s\u0103 nu mai prelungeasc\u0103 aceast\u0103 stare \u0219i s\u0103 nu mai tergiverseze alegerile.<\/p>\n<p>E nevoie de un calendar, iar acest lucru se poate face printr-o hot\u0103r\u00e2re de guvern.<\/p>\n<p>\u201eNu s-au gr\u0103bit, vedem cu to\u021bii. Sigur c\u0103 interimatul poate dura foarte mult, pre\u0219edintele fiind la ad\u0103postul acelui punct 22 din Hot\u0103r\u00e2rea CCR, care Curte nu i-a prelungit mandatul. Curtea nu a f\u0103cut dec\u00e2t s\u0103 preia un aliniat din Art. 83 \u0219i at\u00e2ta tot. Fiecare l-a \u00een\u021beles cum a vrut \u0219i cum i-a pl\u0103cut. Sigur, \u0219i cum a putut, e adev\u0103rat\u201d, a ad\u0103ugat Toader.<\/p>\n<p>(\u2026) Vede\u021bi c\u00e2t\u0103 stare de nemul\u021bumire, c\u00e2t\u0103 tensiune, \u00een timp ce oamenii ar trebui s\u0103 se bucure de sf\u00e2r\u0219itul s\u0103rb\u0103torilor, s\u0103 \u00eenceap\u0103 noul an cu proiecte, cu optimism. Am \u00eenceput cu frisoane, am \u00eenceput cu nedumeriri, am \u00eenceput cu incertitudini, din care trebuie \u00eentr-un fel s\u0103 ie\u0219im c\u00e2t mai repede\u201d, a declarat Tudorel Toader, la un post TV.<\/p>\n<p>\u201eConstitu\u021bia are mai multe prevederi. Trebuie coroborate. Aceea jur\u0103m\u00e2nt p\u00e2n\u0103 la jur\u0103m\u00e2ntul noului pre\u0219edinte se refer\u0103 la o stare de normalitate. Adic\u0103 pre\u0219edintele trebuie s\u0103 fi fost ales \u00eenainte sau la expirarea mandatului actualului pre\u0219edinte. Dac\u0103 normalitatea nu a existat, atunci opereaz\u0103 interimatul. Pentru c\u0103 prelungire de mandat nu. Ce r\u0103m\u00e2ne? Interimatul. Dar p\u00e2n\u0103 atunci a\u0219tept\u0103m c\u00e2t de cur\u00e2nd HG pentru calendarul alegerilor.<\/p>","protected":false},"excerpt":{"rendered":"<p>Curtea a preluat un aliniat din art. 83 \u0219i fiecare l-a \u00een\u021beles cum a vrut&hellip;<\/p>\n","protected":false},"author":0,"featured_media":22462,"comment_status":"open","ping_status":"open","sticky":false,"template":"","format":"standard","meta":{"footnotes":""},"categories":[2],"tags":[],"class_list":["post-22466","post","type-post","status-publish","format-standard","has-post-thumbnail","hentry","category-actual"],"_links":{"self":[{"href":"https:\/\/247stiri.ro\/index.php\/wp-json\/wp\/v2\/posts\/22466","targetHints":{"allow":["GET"]}}],"collection":[{"href":"https:\/\/247stiri.ro\/index.php\/wp-json\/wp\/v2\/posts"}],"about":[{"href":"https:\/\/247stiri.ro\/index.php\/wp-json\/wp\/v2\/types\/post"}],"replies":[{"embeddable":true,"href":"https:\/\/247stiri.ro\/index.php\/wp-json\/wp\/v2\/comments?post=22466"}],"version-history":[{"count":0,"href":"https:\/\/247stiri.ro\/index.php\/wp-json\/wp\/v2\/posts\/22466\/revisions"}],"wp:featuredmedia":[{"embeddable":true,"href":"https:\/\/247stiri.ro\/index.php\/wp-json\/wp\/v2\/media\/22462"}],"wp:attachment":[{"href":"https:\/\/247stiri.ro\/index.php\/wp-json\/wp\/v2\/media?parent=22466"}],"wp:term":[{"taxonomy":"category","embeddable":true,"href":"https:\/\/247stiri.ro\/index.php\/wp-json\/wp\/v2\/categories?post=22466"},{"taxonomy":"post_tag","embeddable":true,"href":"https:\/\/247stiri.ro\/index.php\/wp-json\/wp\/v2\/tags?post=22466"}],"curies":[{"name":"wp","href":"https:\/\/api.w.org\/{rel}","templated":true}]}}