{"id":22481,"date":"2025-01-08T15:45:25","date_gmt":"2025-01-08T15:45:25","guid":{"rendered":"https:\/\/247stiri.ro\/index.php\/2025\/01\/08\/romanii-stau-la-cozi-uriase-pentru-plata-taxelor-si-impozitelor-asteptarea-poate-dura-chiar-si-ore-intregi\/"},"modified":"2025-01-08T15:45:25","modified_gmt":"2025-01-08T15:45:25","slug":"romanii-stau-la-cozi-uriase-pentru-plata-taxelor-si-impozitelor-asteptarea-poate-dura-chiar-si-ore-intregi","status":"publish","type":"post","link":"https:\/\/247stiri.ro\/index.php\/2025\/01\/08\/romanii-stau-la-cozi-uriase-pentru-plata-taxelor-si-impozitelor-asteptarea-poate-dura-chiar-si-ore-intregi\/","title":{"rendered":"Rom\u00e2nii stau la cozi uria\u0219e pentru plata taxelor \u0219i impozitelor. A\u0219teptarea poate dura chiar \u0219i ore \u00eentregi"},"content":{"rendered":"<p>La ora 8 diminea\u021ba, \u00een toat\u0103 \u021bara, au \u00eenceput pl\u0103\u021bile pentru taxele \u0219i impozitele aferente anului 2025. La Suceava, unii contribuabili s-au prezentat chiar \u0219i cu c\u00e2teva ore \u00eenainte de deschiderea ghi\u0219eelor, relateaz\u0103 un site de \u0219tiri.<\/p>\n<p>&#8222;Am zis ia s\u0103 \u00eencerc la prim\u0103rie, poate am noroc s\u0103 pl\u0103tesc s\u0103-mi iau de grij\u0103&#8221;.<\/p>\n<p>&#8222;Am fost al doilea&#8221;.<\/p>\n<p>&#8222;\u00cen jur de 7.20. De obicei fac a\u015fa. \u00cemi pl\u0103tesc toate d\u0103rile la \u00eenceput de an&#8221;.<\/p>\n<p>&#8222;Ca un cet\u0103\u0163ean normal venim \u00een prima perioad\u0103 a anului s\u0103 ne pl\u0103tim taxele \u015fi impozitele deoarece noi vrem str\u0103zi, vrem cur\u0103\u0163enie, vrem iluminat public&#8221;.<\/p>\n<p>Sunt doar c\u00e2teva dintre declara\u021biile sucevenilor care au dorit s\u0103 scape de d\u0103rile c\u0103tre stat \u00eenc\u0103 de la \u00eenceputul anului.<\/p>\n<p>Potrivit ziare.com multe persoane s-au gr\u0103bit s\u0103 \u00ee\u0219i achite impozitele pentru a face economie. Cei care pl\u0103tesc impozitul p\u00e2n\u0103 la sf\u00e2r\u0219itul lunii martie vor beneficia de o reducere de 10%. Acesta este exact procentul cu care au crescut taxele \u00een acest an.<\/p>\n<p>\u0218i mul\u021bi bucure\u0219teni s-au trezit devreme ca s\u0103 achite d\u0103rile pentru noul an.<\/p>\n<p>&#8222;Pentru c\u0103 am vrut s\u0103 m\u0103 bucur de aerul de afar\u0103 \u015fi de asta am ales modalitatea asta de plat\u0103. \u015ei pentru c\u0103 anul \u0103sta mi-am propus s\u0103 stau mai mult printre oameni, mai pu\u0163in pe calculator&#8221;, a declarat unul dintre cet\u0103\u021benii Capitalei.<\/p>\n<p>Taxele \u0219i impozitele pot fi achitate \u0219i cu cardul, la terminalele POS instalate la sediile unit\u0103\u0163ilor Trezoreriei Statului.<\/p>","protected":false},"excerpt":{"rendered":"<p>La ora 8 diminea\u021ba, \u00een toat\u0103 \u021bara, au \u00eenceput pl\u0103\u021bile pentru taxele \u0219i impozitele aferente&hellip;<\/p>\n","protected":false},"author":0,"featured_media":22482,"comment_status":"open","ping_status":"open","sticky":false,"template":"","format":"standard","meta":{"footnotes":""},"categories":[2],"tags":[],"class_list":["post-22481","post","type-post","status-publish","format-standard","has-post-thumbnail","hentry","category-actual"],"_links":{"self":[{"href":"https:\/\/247stiri.ro\/index.php\/wp-json\/wp\/v2\/posts\/22481","targetHints":{"allow":["GET"]}}],"collection":[{"href":"https:\/\/247stiri.ro\/index.php\/wp-json\/wp\/v2\/posts"}],"about":[{"href":"https:\/\/247stiri.ro\/index.php\/wp-json\/wp\/v2\/types\/post"}],"replies":[{"embeddable":true,"href":"https:\/\/247stiri.ro\/index.php\/wp-json\/wp\/v2\/comments?post=22481"}],"version-history":[{"count":0,"href":"https:\/\/247stiri.ro\/index.php\/wp-json\/wp\/v2\/posts\/22481\/revisions"}],"wp:featuredmedia":[{"embeddable":true,"href":"https:\/\/247stiri.ro\/index.php\/wp-json\/wp\/v2\/media\/22482"}],"wp:attachment":[{"href":"https:\/\/247stiri.ro\/index.php\/wp-json\/wp\/v2\/media?parent=22481"}],"wp:term":[{"taxonomy":"category","embeddable":true,"href":"https:\/\/247stiri.ro\/index.php\/wp-json\/wp\/v2\/categories?post=22481"},{"taxonomy":"post_tag","embeddable":true,"href":"https:\/\/247stiri.ro\/index.php\/wp-json\/wp\/v2\/tags?post=22481"}],"curies":[{"name":"wp","href":"https:\/\/api.w.org\/{rel}","templated":true}]}}