{"id":22485,"date":"2025-01-08T15:45:26","date_gmt":"2025-01-08T15:45:26","guid":{"rendered":"https:\/\/247stiri.ro\/index.php\/2025\/01\/08\/ce-se-intampla-cu-groenlanda-in-cazul-in-care-donald-trump-trimite-armata-sua-pe-insula\/"},"modified":"2025-01-08T15:45:26","modified_gmt":"2025-01-08T15:45:26","slug":"ce-se-intampla-cu-groenlanda-in-cazul-in-care-donald-trump-trimite-armata-sua-pe-insula","status":"publish","type":"post","link":"https:\/\/247stiri.ro\/index.php\/2025\/01\/08\/ce-se-intampla-cu-groenlanda-in-cazul-in-care-donald-trump-trimite-armata-sua-pe-insula\/","title":{"rendered":"Ce se \u00eent\u00e2mpl\u0103 cu Groenlanda \u00een cazul \u00een care Donald Trump trimite armata SUA pe insul\u0103?"},"content":{"rendered":"<p>Comisia European\u0103 a cerut miercuri respectarea suveranit\u0103\u0163ii statelor membre ale UE \u015fi a sus\u0163inut c\u0103 Groenlanda, insula arctic\u0103 autonom\u0103 dependent\u0103 de Danemarca, este protejat\u0103 de ap\u0103rarea colectiv\u0103 a UE, dup\u0103 ce pre\u015fedintele ales al SUA, Donald Trump, a revenit cu o veche idee a sa ca SUA s\u0103 cumpere aceast\u0103 insul\u0103 \u015fi nu a exclus posibilitatea de a recurge la for\u0163a militar\u0103 pentru a prelua acel teritoriu, relateaz\u0103 agen\u0163iile AFP \u015fi EFE.<\/p>\n<p>&#8222;Din fericire, aceasta este o \u00eentrebare foarte teoretic\u0103. \u00cen termeni legali, dac\u0103 s-ar aplica articolul 42.7 (din Tratatul UE, asupra ap\u0103r\u0103rii colective), s-ar aplica \u00een cazul Groenlandei&#8221;, a spus o purt\u0103toare de cuv\u00e2nt a Comisiei Europene, Paula Pinho, \u00eentrebat\u0103 la conferin\u0163a zilnic\u0103 de pres\u0103 a acestei institu\u0163ii despre declara\u0163ia lui Trump asupra posibilit\u0103\u0163ii de a folosi for\u0163a pentru a aduce Groenlanda sub controlul SUA.<\/p>\n<p>Aceea\u015fi purt\u0103toare de cuv\u00e2nt a subliniat \u00eens\u0103 c\u0103 &#8222;discut\u0103m despre ceva extrem de teoretic asupra c\u0103ruia nu dorim s\u0103 elabor\u0103m&#8221; un r\u0103spuns \u015fi a cerut \u00een plus &#8222;s\u0103 nu se compare situa\u0163ia (Groenlandei) cu ceea ce s-a \u00eent\u00e2mplat \u00een Ucraina&#8221;, adic\u0103 invazia rus\u0103. &#8222;Nu vedem nicio necesitate \u00een acest moment de a merge mai departe fa\u0163\u0103 de ceea ce am spus deja&#8221;, a insistat ea.<\/p>\n<p>Articolul 42.7 din tratatul UE face referire la solidaritatea \u0163\u0103rilor membre \u00een materie de ap\u0103rare atunci c\u00e2nd una dintre ele este \u0163inta unui atac armat \u015fi este \u00een esen\u0163\u0103 similar articolului 5 al Tratatului NATO.<\/p>\n<p>La r\u00e2ndul ei, o alt\u0103 purt\u0103toare de cuv\u00e2nt comunitar\u0103, Anitta Hipper, a subliniat c\u0103 suveranitatea statelor membre trebuie s\u0103 fie respectat\u0103 \u015fi blocul comunitar dore\u015fte rela\u0163ii transatlantice puternice.<\/p>\n<p>C\u00e2t despre cererea lui Trump ca statele membre ale NATO s\u0103-\u015fi creasc\u0103 bugetele Ap\u0103r\u0103rii la 5% din PIB, ea a precizat c\u0103 UE nu are un asemenea obiectiv (bugetul Ap\u0103r\u0103rii pe ansamblul UE este \u00een prezent de numai 1,9% din PIB), dar a apreciat c\u0103 &#8222;atunci c\u00e2nd vedem toate amenin\u0163\u0103rile &#8211; r\u0103zboiul Rusiei contra Ucrainei, amenin\u0163area pe care Rusia o reprezint\u0103 pentru noi to\u0163i -, Europa trebuie s\u0103-\u015fi sporeasc\u0103 toate eforturile&#8221; \u00een materie de ap\u0103rare, potrivit Agerpres.<\/p>\n<p>De asemenea, purt\u0103torul de cuv\u00e2nt comunitar pentru comer\u0163, Olof Gill, \u00eentrebat despre o alt\u0103 amenin\u0163are a lui Trump legat\u0103 de Groenlanda, aceea c\u0103 SUA vor impune UE taxe vamale consistente dac\u0103 Danemarca refuz\u0103 s\u0103 negocieze cu Washingtonul v\u00e2nzarea acestei insule, s-a limitat s\u0103 spun\u0103 c\u0103 este vorba despre &#8222;o chestiune ipotetic\u0103 privind o administra\u0163ie care \u00eenc\u0103 nu a sosit&#8221;, referindu-se la administra\u0163ia Trump, care va fi instalat\u0103 pe 20 ianuarie.<\/p>\n<p>\u015ei \u00een precedentul s\u0103u mandat preziden\u0163ial Trump a spus c\u0103 Groenlanda ar trebui s\u0103 fie cump\u0103rat\u0103 de SUA. Guvernul danez a respins de fiecare dat\u0103 categoric ideea acestuia.<\/p>\n<p>Din 2009, Groenlanda are dreptul s\u0103-\u015fi declare independen\u0163a fa\u0163\u0103 de Danemarca, dar nu a f\u0103cut niciodat\u0103 acest pas. Aceast\u0103 insul\u0103 vast\u0103, dar care num\u0103r\u0103 doar aproximativ 56.000 de locuitori, are o economie dependent\u0103 de pescuit \u015fi este finan\u0163at\u0103 masiv de guvernul danez, de\u015fi dispune de mari resurse naturale, inclusiv petrol \u015fi gaze naturale.<\/p>\n<p>Cu baza sa aerian\u0103 Pituffik, Groenlanda este important\u0103 din punct de vedere strategic pentru SUA \u015fi pentru sistemul american de avertizare timpurie a rachetelor balistice.<\/p>","protected":false},"excerpt":{"rendered":"<p>Comisia European\u0103 a cerut miercuri respectarea suveranit\u0103\u0163ii statelor membre ale UE \u015fi a sus\u0163inut c\u0103&hellip;<\/p>\n","protected":false},"author":0,"featured_media":22480,"comment_status":"open","ping_status":"open","sticky":false,"template":"","format":"standard","meta":{"footnotes":""},"categories":[2],"tags":[],"class_list":["post-22485","post","type-post","status-publish","format-standard","has-post-thumbnail","hentry","category-actual"],"_links":{"self":[{"href":"https:\/\/247stiri.ro\/index.php\/wp-json\/wp\/v2\/posts\/22485","targetHints":{"allow":["GET"]}}],"collection":[{"href":"https:\/\/247stiri.ro\/index.php\/wp-json\/wp\/v2\/posts"}],"about":[{"href":"https:\/\/247stiri.ro\/index.php\/wp-json\/wp\/v2\/types\/post"}],"replies":[{"embeddable":true,"href":"https:\/\/247stiri.ro\/index.php\/wp-json\/wp\/v2\/comments?post=22485"}],"version-history":[{"count":0,"href":"https:\/\/247stiri.ro\/index.php\/wp-json\/wp\/v2\/posts\/22485\/revisions"}],"wp:featuredmedia":[{"embeddable":true,"href":"https:\/\/247stiri.ro\/index.php\/wp-json\/wp\/v2\/media\/22480"}],"wp:attachment":[{"href":"https:\/\/247stiri.ro\/index.php\/wp-json\/wp\/v2\/media?parent=22485"}],"wp:term":[{"taxonomy":"category","embeddable":true,"href":"https:\/\/247stiri.ro\/index.php\/wp-json\/wp\/v2\/categories?post=22485"},{"taxonomy":"post_tag","embeddable":true,"href":"https:\/\/247stiri.ro\/index.php\/wp-json\/wp\/v2\/tags?post=22485"}],"curies":[{"name":"wp","href":"https:\/\/api.w.org\/{rel}","templated":true}]}}