{"id":22486,"date":"2025-01-08T15:45:26","date_gmt":"2025-01-08T15:45:26","guid":{"rendered":"https:\/\/247stiri.ro\/index.php\/2025\/01\/08\/lider-psd-alegerile-ar-putea-fi-amanate-pana-la-epuizarea-tuturor-cailor-din-instanta\/"},"modified":"2025-01-08T15:45:26","modified_gmt":"2025-01-08T15:45:26","slug":"lider-psd-alegerile-ar-putea-fi-amanate-pana-la-epuizarea-tuturor-cailor-din-instanta","status":"publish","type":"post","link":"https:\/\/247stiri.ro\/index.php\/2025\/01\/08\/lider-psd-alegerile-ar-putea-fi-amanate-pana-la-epuizarea-tuturor-cailor-din-instanta\/","title":{"rendered":"Lider PSD: \u201eAlegerile ar putea fi am\u00e2nate p\u00e2n\u0103 la epuizarea tuturor c\u0103ilor din instan\u021b\u0103\u201d"},"content":{"rendered":"<p>\u201eEste o singur\u0103 chestiune pe care nu vreau s\u0103 o minimalizez \u015fi care, cu certitudine, trebuie luat\u0103 \u00een discu\u0163ie c\u00e2nd se stabile\u015fte calendarul, aceea a demersurilor \u00een justi\u0163ie ale domnului Georgescu. Dac\u0103 cumva demersurile din justi\u0163ie vor avea un alt deznod\u0103m\u00e2nt dec\u00e2t cel pe care, cum s\u0103 spun eu cel pu\u0163in, \u00eel a\u015ftept, atunci, atunci calendarul pe care l-am putea avea poate fi dat peste cap\u201d, a precizat Roma\u015fcanu.<\/p>\n<p>\u201eImagina\u0163i-v\u0103 c\u0103 decidem ast\u0103zi un calendar \u015fi instan\u0163a se va pronun\u0163a cel mai t\u00e2rziu, pe 21 ianuarie, la CEDO, \u00eentr-o alt\u0103 formul\u0103. Tot ce am stabilit ar fi caduc. \u015ei atunci cel mai bine este s\u0103 facem lucrurile \u00een ordinea fireasc\u0103.<\/p>\n<p>Nu sunt un specialist, dar p\u00e2n\u0103 la epuizarea tuturor c\u0103ilor din instan\u0163\u0103, probabil c\u0103 nu trebuie luat\u0103 o decizie. Eu, \u00een acest moment sunt convins c\u0103 asta se va discuta \u015fi este pe agend\u0103 data alegerilor. (..) Este doar o p\u0103rere personal\u0103 pe care vreau s\u0103 o pun \u00een discu\u0163ia public\u0103\u201d, a mai spus acesta.<\/p>\n<p>\u201eAst\u0103zi ve\u0163i afla ceea ce s-a decis \u00een coali\u0163ie privind data alegerilor sau exist\u0103 alte op\u0163iuni care pot influen\u0163a stabilirea datei acestor alegeri. Singurul lucru pe care \u00eel spun cu certitudine este c\u0103 este o prioritate stabilirea datei alegerilor dar \u00een acela\u015fi timp ea trebuie s\u0103 \u0163in\u0103 cont de toate conjuncturile juridice care sunt \u00een desf\u0103\u015furare\u201d, a ar\u0103tat Roma\u015fcanu.<\/p>\n<p>\u201eAcum, sigur, exist\u0103 pasul doi, care este validarea \u00een organele de conducere ale partidelor. O s\u0103 vedem, \u00een principiu, nu exist\u0103 o alt\u0103 discu\u0163ie. Am v\u0103zut c\u0103 a fost foarte mult dezb\u0103tut \u00een sp\u0163iul public, mai ales gestul domnului Crin Antonescu de a se suspenda. Probabil c\u0103 va trebui \u015fi dumnealui s\u0103 explice mai mult\u201d, a conchis Roma\u0219canu.<\/p>","protected":false},"excerpt":{"rendered":"<p>\u201eEste o singur\u0103 chestiune pe care nu vreau s\u0103 o minimalizez \u015fi care, cu certitudine,&hellip;<\/p>\n","protected":false},"author":0,"featured_media":22487,"comment_status":"open","ping_status":"open","sticky":false,"template":"","format":"standard","meta":{"footnotes":""},"categories":[2],"tags":[],"class_list":["post-22486","post","type-post","status-publish","format-standard","has-post-thumbnail","hentry","category-actual"],"_links":{"self":[{"href":"https:\/\/247stiri.ro\/index.php\/wp-json\/wp\/v2\/posts\/22486","targetHints":{"allow":["GET"]}}],"collection":[{"href":"https:\/\/247stiri.ro\/index.php\/wp-json\/wp\/v2\/posts"}],"about":[{"href":"https:\/\/247stiri.ro\/index.php\/wp-json\/wp\/v2\/types\/post"}],"replies":[{"embeddable":true,"href":"https:\/\/247stiri.ro\/index.php\/wp-json\/wp\/v2\/comments?post=22486"}],"version-history":[{"count":0,"href":"https:\/\/247stiri.ro\/index.php\/wp-json\/wp\/v2\/posts\/22486\/revisions"}],"wp:featuredmedia":[{"embeddable":true,"href":"https:\/\/247stiri.ro\/index.php\/wp-json\/wp\/v2\/media\/22487"}],"wp:attachment":[{"href":"https:\/\/247stiri.ro\/index.php\/wp-json\/wp\/v2\/media?parent=22486"}],"wp:term":[{"taxonomy":"category","embeddable":true,"href":"https:\/\/247stiri.ro\/index.php\/wp-json\/wp\/v2\/categories?post=22486"},{"taxonomy":"post_tag","embeddable":true,"href":"https:\/\/247stiri.ro\/index.php\/wp-json\/wp\/v2\/tags?post=22486"}],"curies":[{"name":"wp","href":"https:\/\/api.w.org\/{rel}","templated":true}]}}