{"id":22491,"date":"2025-01-08T15:45:27","date_gmt":"2025-01-08T15:45:27","guid":{"rendered":"https:\/\/247stiri.ro\/index.php\/2025\/01\/08\/trei-barbati-din-alba-arestati-preventiv-dupa-ce-au-furat-mai-multe-bunuri-din-locuinta-unei-femei\/"},"modified":"2025-01-08T15:45:27","modified_gmt":"2025-01-08T15:45:27","slug":"trei-barbati-din-alba-arestati-preventiv-dupa-ce-au-furat-mai-multe-bunuri-din-locuinta-unei-femei","status":"publish","type":"post","link":"https:\/\/247stiri.ro\/index.php\/2025\/01\/08\/trei-barbati-din-alba-arestati-preventiv-dupa-ce-au-furat-mai-multe-bunuri-din-locuinta-unei-femei\/","title":{"rendered":"Trei b\u0103rba\u0163i din Alba, aresta\u0163i preventiv dup\u0103 ce au furat mai multe bunuri din locuin\u021ba unei femei"},"content":{"rendered":"<p>Reprezentan\u0163ii Parchetului de pe l\u00e2ng\u0103 Judec\u0103toria Aiud au anun\u0163at c\u0103 procurorii au \u00eenceput cercet\u0103rile fa\u0163\u0103 de trei b\u0103rba\u0163i din Hunedoara, unul de 28 de ani, altul de 30 de ani \u015fi al treilea de 52 de ani, pentru furt calificat, doi dintre cei trei comi\u0163\u00e2nd aceast\u0103 fapt\u0103 \u00een stare de recidiv\u0103 postexecutorie.\u00a0\u201d\u00cen noaptea de 07.01.2025, \u00een jurul orei 01:00, cei trei inculpa\u0163i au escaladat gardul \u00eemprejmuitor al locuin\u0163ei persoanei v\u0103t\u0103mate de sex feminin \u00een v\u00e2rst\u0103 de 73 de ani, situat\u0103 \u00een municipiul Aiud, \u00een timp ce aceasta se afla la domiciliu, dup\u0103 care au p\u0103truns \u00een locuin\u0163\u0103 prin for\u0163area u\u015fii de acces, de unde au sustras mai multe bunuri (parfumuri, bijuterii confec\u0163ionate din aur \u015fi argint) \u015fi o sum\u0103 de bani, cauz\u00e2nd un prejudiciu total \u00een cuantum de 20.560 lei\u201d, au afirmat procurorii.\u00a0\u00a0Cei trei b\u0103rba\u0163i au fost prezenta\u0163i Judec\u0103toriei Aiud care a decis arestarea lor preventiv\u0103 pentru 30 de zile.<\/p>","protected":false},"excerpt":{"rendered":"<p>Reprezentan\u0163ii Parchetului de pe l\u00e2ng\u0103 Judec\u0103toria Aiud au anun\u0163at c\u0103 procurorii au \u00eenceput cercet\u0103rile fa\u0163\u0103&hellip;<\/p>\n","protected":false},"author":0,"featured_media":22492,"comment_status":"open","ping_status":"open","sticky":false,"template":"","format":"standard","meta":{"footnotes":""},"categories":[2],"tags":[],"class_list":["post-22491","post","type-post","status-publish","format-standard","has-post-thumbnail","hentry","category-actual"],"_links":{"self":[{"href":"https:\/\/247stiri.ro\/index.php\/wp-json\/wp\/v2\/posts\/22491","targetHints":{"allow":["GET"]}}],"collection":[{"href":"https:\/\/247stiri.ro\/index.php\/wp-json\/wp\/v2\/posts"}],"about":[{"href":"https:\/\/247stiri.ro\/index.php\/wp-json\/wp\/v2\/types\/post"}],"replies":[{"embeddable":true,"href":"https:\/\/247stiri.ro\/index.php\/wp-json\/wp\/v2\/comments?post=22491"}],"version-history":[{"count":0,"href":"https:\/\/247stiri.ro\/index.php\/wp-json\/wp\/v2\/posts\/22491\/revisions"}],"wp:featuredmedia":[{"embeddable":true,"href":"https:\/\/247stiri.ro\/index.php\/wp-json\/wp\/v2\/media\/22492"}],"wp:attachment":[{"href":"https:\/\/247stiri.ro\/index.php\/wp-json\/wp\/v2\/media?parent=22491"}],"wp:term":[{"taxonomy":"category","embeddable":true,"href":"https:\/\/247stiri.ro\/index.php\/wp-json\/wp\/v2\/categories?post=22491"},{"taxonomy":"post_tag","embeddable":true,"href":"https:\/\/247stiri.ro\/index.php\/wp-json\/wp\/v2\/tags?post=22491"}],"curies":[{"name":"wp","href":"https:\/\/api.w.org\/{rel}","templated":true}]}}