{"id":22493,"date":"2025-01-08T15:45:27","date_gmt":"2025-01-08T15:45:27","guid":{"rendered":"https:\/\/247stiri.ro\/index.php\/2025\/01\/08\/tragedie-in-iasi-un-barbat-de-41-de-ani-si-a-anuntat-sinuciderea-pe-facebook-si-a-fost-gasit-mort-a-doua-zi\/"},"modified":"2025-01-08T15:45:27","modified_gmt":"2025-01-08T15:45:27","slug":"tragedie-in-iasi-un-barbat-de-41-de-ani-si-a-anuntat-sinuciderea-pe-facebook-si-a-fost-gasit-mort-a-doua-zi","status":"publish","type":"post","link":"https:\/\/247stiri.ro\/index.php\/2025\/01\/08\/tragedie-in-iasi-un-barbat-de-41-de-ani-si-a-anuntat-sinuciderea-pe-facebook-si-a-fost-gasit-mort-a-doua-zi\/","title":{"rendered":"Tragedie \u00een Ia\u0219i: Un b\u0103rbat de 41 de ani \u0219i-a anun\u021bat sinuciderea pe Facebook \u0219i a fost g\u0103sit mort a doua zi"},"content":{"rendered":"<p>O via\u021b\u0103 marcat\u0103 de suferin\u021b\u0103<\/p>\n<p>Vlad, jurist de profesie, se confrunta cu o povar\u0103 emo\u021bional\u0103 \u0219i fizic\u0103 cople\u0219itoare. \u00cen urm\u0103 cu aproape doi ani, \u00eencercase s\u0103 se sinucid\u0103 arunc\u00e2ndu-se de la etajul 4 al blocului unde locuia al\u0103turi de p\u0103rin\u021bi. De\u0219i a supravie\u021buit, acest gest extrem i-a schimbat via\u021ba radical, l\u0103s\u00e2ndu-l imobilizat \u00eentr-un scaun cu rotile \u0219i oblig\u00e2ndu-l s\u0103 treac\u0103 prin numeroase opera\u021bii \u0219i sesiuni de recuperare.<\/p>\n<p><a href=\"https:\/\/www.realitatea.net\/stiri\/actual\/doi-adolescenti-de-15-ani-dati-disparuti-in-urma-cu-4-zile-gasiti-morti-pe-un-camp-de-langa-tulcea-nu-este-exclusa-sinuciderea_677e6922681f5c752b607033\" target=\"_blank\">Cu toate acestea,<\/a> lupta sa continu\u0103 nu a reu\u0219it s\u0103-i aduc\u0103 lini\u0219tea. Rela\u021bia tensionat\u0103 cu p\u0103rin\u021bii s\u0103i \u0219i izolarea social\u0103 au contribuit la deteriorarea st\u0103rii sale emo\u021bionale. Pe fondul conflictelor familiale, p\u0103rin\u021bii s\u0103i ob\u021binuser\u0103 un ordin de protec\u021bie \u00eempotriva lui, amplific\u00e2nd sentimentul de abandon \u0219i disperare.<\/p>\n<p>Mesajul de adio: o confesiune cutremur\u0103toare<\/p>\n<p>Pe 4 ianuarie, la ora 21, Vlad a publicat un mesaj intitulat \u201eMoartea unui fost\u201d pe Facebook, \u00een care \u0219i-a detaliat via\u021ba, lupta cu dependen\u021ba de alcool, dificult\u0103\u021bile \u00een rela\u021biile interpersonale \u0219i dezam\u0103girile tr\u0103ite. Mesajul s\u0103u a fost un amestec de amintiri dureroase, resentimente \u0219i concluzii tragice despre via\u021b\u0103.<\/p>\n<p>\u201eNu am niciun g\u00e2nd s\u0103 o iau de la cap\u0103t: am luptat destul,\u201d a scris el, subliniind c\u0103 pierduse orice dorin\u021b\u0103 de a continua s\u0103 se confrunte cu suferin\u021bele fizice \u0219i psihice care \u00eel cople\u0219eau.<\/p>\n<p>\u201eMoartea unui fost<\/p>\n<p>Prolog<\/p>\n<p>Am avut proasta inspira\u021bie de a spune adev\u0103rul brut idio\u0163ilor, insolen\u0163ilor, indolen\u0163ilor \u015fi impostorilor. Chiar dac\u0103 eram legat suflete\u015fte de ei\/ele \u015fi nu purtam pic\u0103. Am avut norocul, \u015fi o gur\u0103 de bere \u00een plus, s\u0103 nu m\u0103 intereseze de opiniile lor. Vorba proverbului spaniol, care spune s\u0103 \u00eembraci \u00abadev\u0103rul \u00een c\u0103ma\u015f\u0103 alb\u0103\u00bb, \u00eemi c\u0103zuse de la inim\u0103. \u00cen ultimii ani l-am dat pe o bere \u00een plus.<\/p>\n<p>Maturitatea<\/p>\n<p>A fost tragic\u0103. Lucram sporadic \u015fi alegeam numai joburi cu \u015ftaif, indiferent de salariu. Trebuia s\u0103 respect \u00abfamilia bun\u0103\u00bb din care proveneam. Alcoolul era omniprezent, c\u0103ci a\u015fa voiam eu. La fel \u015fi xanaxul, \u015fi rivotrilul. A fost o alegere con\u015ftient\u0103, a fost singurul remediu pentru a supravie\u0163ui vie\u0163ii pe care o duceam. De\u015fi am fost toat\u0103 via\u0163a superprofesionist, la ultimul job, unde am fost promovat foarte repede, consider c\u0103 am dat chix. Ziua abia vorbeam o boab\u0103 de englez\u0103, \u00eens\u0103 c\u00e2nd d\u0103dea soarele s\u0103 apun\u0103\u2026 m\u0103 refugiam imediat dup\u0103 serviciu \u00eentr-o sal\u0103 de p\u0103c\u0103nele \u015fi trebuia s\u0103 nimeresc, pe l\u00e2ng\u0103 mul\u0163i \u015feptari, pe cineva pe care s\u0103 rog, \u00een englez\u0103, s\u0103-i dau sau s\u0103-mi dea o bere. Femeile de calitate au devenit o lips\u0103 crunt\u0103. Am fost incapabil s\u0103 mai leg o rela\u0163ie. Faptul c\u0103 la 40 de ani \u00eenc\u0103 mai st\u0103team cu p\u0103rin\u0163ii, nu m-a ajutat. De\u015fi mi-a\u015f fi permis s\u0103 \u00eenchiriez o camer\u0103 oriunde, am considerat c\u0103 e mai bine s\u0103 stau l\u00e2ng\u0103 ei, s\u0103-i ajut\u2026 \u015ei a\u015fa, femeile din via\u0163a mea au devenit o prezen\u0163\u0103 pl\u0103tit\u0103. Cu foarte multe dintre ele doar am discutat, am r\u00e2s \u015fi am visat. Ele, cu visele lor, eu, cu ale mele, \u015fi cu r\u00e2sul, am\u00e2ndoi. Pun cele de mai sus pe seama celor ce se poate numi HYBRIS-UL TINERE\u0162II.<\/p>\n<p>Am \u015ftiut c\u0103 am o problem\u0103 mare cu alcoolul de prin facultate. Ca un personaj de Zola, m-am zb\u0103tut \u00een mizerie. P\u0103rin\u0163ii mei, ingineri, din care taic\u0103-meu foarte bun, se chinuiau s\u0103 \u0163in\u0103 o c\u00e2rcium\u0103 la \u0163ar\u0103 \u015fi un bou la facultate privat\u0103, c\u0103ci era de renume. M-am angajat, prima dat\u0103, legal, la o faimoas\u0103 pizzerie din Ia\u015fi. Faimoas\u0103, Da! Famiglia bun\u0103, Da! Cluburi bune, Da! Fete mi\u015fto, Da! Alcool\u2026\u2026.. Oooo, Daaaa!<\/p>\n<p>Atunci am avut \u015fi prima mea depresie \u015fi \u00eenceputul luptei mele cu alcoolul. Nu m-au ajutat nici psihiatrii, nici psihologii, nici AA, nici \u00abcentrele\u00bb de detox, unde am stat c\u00e2te o s\u0103pt\u0103m\u00e2n\u0103. Probabil \u015fi din cauza faptului c\u0103 nu am vorbit despre copil\u0103ria mea. C\u0103 na, c\u00e2nd e\u015fti dintr-o \u00abfamilie bun\u0103\u00bb, nu se cuvine s\u0103 vorbe\u015fti de r\u0103u, mai ales despre COPIL\u0102RIA PERFECT\u0102.<\/p>\n<p>A fost plin\u0103 de aventuri frumoase. Cu Roxana, Sergiu \u015fi Sorin, Dan, Ionic\u0103, Vlad, Vasile \u015fi to\u0163i ceilal\u0163i. Jocurile perfecte se nimereau zilnic. La \u015ftrand, pe \u00abt\u0103p\u015fan\u00bb, hei\u2026 unde eram liber, g\u0103seam un joc.<\/p>\n<p>P\u0103cat c\u0103 primul lucru care mi-l amintesc despre mama mea a fost cum m\u0103 lovea ca o nebun\u0103 pentru c\u0103 nu am m\u00e2ncat un ou \u00eentreg, iar apoi a \u00eenceput s\u0103 m\u0103 urm\u0103reasc\u0103 ca o nebun\u0103. Al doilea, c\u00e2nd am descoperit c\u0103 mi-a spart pu\u015fculi\u0163a. Pe taic\u0103-meu l-am v\u0103zut prima dat\u0103 c\u00e2nd a fost a\u015fezat \u00eentr-un fotoliu de c\u0103tre doi colegi de \u00abserviciu\u00bb.<\/p>\n<p>EPILOG<\/p>\n<p>Din motivele de mai sus, plus multe altele, am sperat s\u0103 mor c\u00e2nd am zburat \u00een februarie 2023, de la<\/p>\n<p>etajul 4, plin de pastile. Am r\u0103mas \u00een scaun cu rotile, cu un tub de plastic insertat \u00een penis. Cu astea m-am putut \u00eemp\u0103ca. Am evoluat peste a\u015ftept\u0103ri, pentru c\u0103 am muncit ca un bou, cu oameni super \u00abr\u0103i\u00bb, dar profesioni\u015fti.<\/p>\n<p>Din octombrie trebuia s\u0103 merg \u00een picioare, c\u0103ci medicul mi-a recomandat orteze. Maic\u0103-mea mi-a spus c\u0103 nu o intereseaz\u0103 dac\u0103 stau \u00een picioare au ba. Mai mult de at\u00e2t, a pus-o pe prietena ei, Sult\u0103nica, s\u0103 cheme poli\u0163ia. Cum am fost \u00eenc\u0103tu\u015fat cu m\u00e2inile la spate, cum am fost tr\u00e2ntit \u00eentr-o ambulan\u0163\u0103 cu m\u00e2inile sub c\u0103tu\u015file \u00een dreptul opera\u0163iei \u015fi cum am fost uitat \u00eenc\u0103tu\u015fat \u00een pat 50 de minute, \u00eei las pe cei de la MAI s\u0103 afle \u015fi s\u0103 ia m\u0103suri corespunz\u0103toare. Sper s\u0103 dea din alea cu daune pentru ONG-uri sponsorizate de ei\u2026. eh..<\/p>\n<p>La o s\u0103pt\u0103m\u00e2n\u0103 dup\u0103 ce am ie\u015fit din blestematul \u0103la de pavilion II B\u0103rba\u0163i, a cerut taic\u0103-meu ordin de protec\u0163ie \u015fi\u2026 evacuarea mea din cas\u0103! \u00cen c\u0103ru\u0163 cu rotile, \u00een mijlocul iernii. Vai de yahtul meu\u2026<\/p>\n<p>Teoretic, s\u0103pt\u0103m\u00e2na viitoare ar trebui s\u0103 o iau de la cap\u0103t cu o opera\u0163ie grea. Nu am nici un g\u00e2nd s\u0103 o iau de la cap\u0103t: am luptat destul.<\/p>\n<p>Mu** speciale:<\/p>\n<p>Sult\u0103nica &amp; Andi P******,<\/p>\n<p>George \u0219i Carmen A*******,<\/p>\n<p>96 % dintre poli\u0163i\u015fti,<\/p>\n<p>80+ din asistentele \u015fi asisten\u0163ii de la Socola,<\/p>\n<p>100% din cei pe care v-am sunat, inclusiv Miora P***\u201d, a fost mesajul postat de b\u0103rbat.\u00a0<\/p>\n<p>A doua zi, pe 5 ianuarie, poli\u021bi\u0219tii Sec\u021biei nr. 3 din Ia\u0219i au fost sesiza\u021bi despre <a href=\"https:\/\/www.realitatea.net\/stiri\/extern\/doliu-imens-in-cinematografie-un-regizor-celebru-sia-pus-capat-zilelor_677bc7e11194cc4f5e71f862\" target=\"_blank\">decesul unui b\u0103rbat<\/a> \u00een locuin\u021ba sa. La fa\u021ba locului, au identificat corpul ne\u00eensufle\u021bit al lui Vlad. A fost deschis un dosar penal pentru ucidere din culp\u0103, iar o necropsie va stabili cauza exact\u0103 a decesului.<\/p>","protected":false},"excerpt":{"rendered":"<p>O via\u021b\u0103 marcat\u0103 de suferin\u021b\u0103 Vlad, jurist de profesie, se confrunta cu o povar\u0103 emo\u021bional\u0103&hellip;<\/p>\n","protected":false},"author":0,"featured_media":22494,"comment_status":"open","ping_status":"open","sticky":false,"template":"","format":"standard","meta":{"footnotes":""},"categories":[2],"tags":[],"class_list":["post-22493","post","type-post","status-publish","format-standard","has-post-thumbnail","hentry","category-actual"],"_links":{"self":[{"href":"https:\/\/247stiri.ro\/index.php\/wp-json\/wp\/v2\/posts\/22493","targetHints":{"allow":["GET"]}}],"collection":[{"href":"https:\/\/247stiri.ro\/index.php\/wp-json\/wp\/v2\/posts"}],"about":[{"href":"https:\/\/247stiri.ro\/index.php\/wp-json\/wp\/v2\/types\/post"}],"replies":[{"embeddable":true,"href":"https:\/\/247stiri.ro\/index.php\/wp-json\/wp\/v2\/comments?post=22493"}],"version-history":[{"count":0,"href":"https:\/\/247stiri.ro\/index.php\/wp-json\/wp\/v2\/posts\/22493\/revisions"}],"wp:featuredmedia":[{"embeddable":true,"href":"https:\/\/247stiri.ro\/index.php\/wp-json\/wp\/v2\/media\/22494"}],"wp:attachment":[{"href":"https:\/\/247stiri.ro\/index.php\/wp-json\/wp\/v2\/media?parent=22493"}],"wp:term":[{"taxonomy":"category","embeddable":true,"href":"https:\/\/247stiri.ro\/index.php\/wp-json\/wp\/v2\/categories?post=22493"},{"taxonomy":"post_tag","embeddable":true,"href":"https:\/\/247stiri.ro\/index.php\/wp-json\/wp\/v2\/tags?post=22493"}],"curies":[{"name":"wp","href":"https:\/\/api.w.org\/{rel}","templated":true}]}}