{"id":22504,"date":"2025-01-08T16:44:59","date_gmt":"2025-01-08T16:44:59","guid":{"rendered":"https:\/\/247stiri.ro\/index.php\/2025\/01\/08\/prima-sedinta-din-2025-a-liderilor-coalitiei-a-inceput-calendarul-alegerilor-stabilit-surse-vom-merge-la-urne-pe-4-si-18-mai\/"},"modified":"2025-01-08T16:44:59","modified_gmt":"2025-01-08T16:44:59","slug":"prima-sedinta-din-2025-a-liderilor-coalitiei-a-inceput-calendarul-alegerilor-stabilit-surse-vom-merge-la-urne-pe-4-si-18-mai","status":"publish","type":"post","link":"https:\/\/247stiri.ro\/index.php\/2025\/01\/08\/prima-sedinta-din-2025-a-liderilor-coalitiei-a-inceput-calendarul-alegerilor-stabilit-surse-vom-merge-la-urne-pe-4-si-18-mai\/","title":{"rendered":"Prima \u0219edin\u021b\u0103 din 2025 a liderilor coali\u021biei a \u00eenceput. Calendarul alegerilor, STABILIT! Surse: vom merge la urne pe 4 \u0219i 18 mai"},"content":{"rendered":"<p>Liderii coali\u021biei de guvernare s-au reunit \u00een prima \u0219edin\u021b\u0103 oficial\u0103 a anului. \u00cent\u00e2lnirea are pe agend\u0103 subiecte importante pentru scena politic\u0103 din acest an: stabilirea calendarului alegerilor preziden\u021biale, identificarea unui candidat comun al alian\u021bei pentru aceast\u0103 curs\u0103 \u0219i discutarea proiectului de buget pentru 2025.<\/p>\n<p>Decizia de a convoca aceast\u0103 \u0219edin\u021b\u0103 a fost influen\u021bat\u0103 de declara\u021bia lui Crin Antonescu, care a anun\u021bat recent suspendarea calit\u0103\u021bii sale de candidat al coali\u021biei.\u00a0<\/p>\n<p>Unul dintre punctele esen\u021biale de pe ordinea de zi este stabilirea calendarului pentru alegerile preziden\u021biale. Potrivit surselor din interiorul coali\u021biei, se iau \u00een calcul datele de 4 \u0219i 18 mai pentru cele dou\u0103 tururi ale alegerilor preziden\u021biale.<\/p>","protected":false},"excerpt":{"rendered":"<p>Liderii coali\u021biei de guvernare s-au reunit \u00een prima \u0219edin\u021b\u0103 oficial\u0103 a anului. \u00cent\u00e2lnirea are pe&hellip;<\/p>\n","protected":false},"author":0,"featured_media":22500,"comment_status":"open","ping_status":"open","sticky":false,"template":"","format":"standard","meta":{"footnotes":""},"categories":[2],"tags":[],"class_list":["post-22504","post","type-post","status-publish","format-standard","has-post-thumbnail","hentry","category-actual"],"_links":{"self":[{"href":"https:\/\/247stiri.ro\/index.php\/wp-json\/wp\/v2\/posts\/22504","targetHints":{"allow":["GET"]}}],"collection":[{"href":"https:\/\/247stiri.ro\/index.php\/wp-json\/wp\/v2\/posts"}],"about":[{"href":"https:\/\/247stiri.ro\/index.php\/wp-json\/wp\/v2\/types\/post"}],"replies":[{"embeddable":true,"href":"https:\/\/247stiri.ro\/index.php\/wp-json\/wp\/v2\/comments?post=22504"}],"version-history":[{"count":0,"href":"https:\/\/247stiri.ro\/index.php\/wp-json\/wp\/v2\/posts\/22504\/revisions"}],"wp:featuredmedia":[{"embeddable":true,"href":"https:\/\/247stiri.ro\/index.php\/wp-json\/wp\/v2\/media\/22500"}],"wp:attachment":[{"href":"https:\/\/247stiri.ro\/index.php\/wp-json\/wp\/v2\/media?parent=22504"}],"wp:term":[{"taxonomy":"category","embeddable":true,"href":"https:\/\/247stiri.ro\/index.php\/wp-json\/wp\/v2\/categories?post=22504"},{"taxonomy":"post_tag","embeddable":true,"href":"https:\/\/247stiri.ro\/index.php\/wp-json\/wp\/v2\/tags?post=22504"}],"curies":[{"name":"wp","href":"https:\/\/api.w.org\/{rel}","templated":true}]}}