{"id":2251,"date":"2024-10-27T11:44:47","date_gmt":"2024-10-27T11:44:47","guid":{"rendered":"https:\/\/247stiri.ro\/index.php\/2024\/10\/27\/prapad-in-israel-un-sofer-de-camion-a-intrat-in-plin-intr-o-statie-de-autobuz-cel-putin-24-de-oameni-sunt-raniti-video\/"},"modified":"2024-10-27T11:44:47","modified_gmt":"2024-10-27T11:44:47","slug":"prapad-in-israel-un-sofer-de-camion-a-intrat-in-plin-intr-o-statie-de-autobuz-cel-putin-24-de-oameni-sunt-raniti-video","status":"publish","type":"post","link":"https:\/\/247stiri.ro\/index.php\/2024\/10\/27\/prapad-in-israel-un-sofer-de-camion-a-intrat-in-plin-intr-o-statie-de-autobuz-cel-putin-24-de-oameni-sunt-raniti-video\/","title":{"rendered":"Pr\u0103p\u0103d \u00een Israel. Un \u0219ofer de camion a intrat, \u00een plin, \u00eentr-o sta\u021bie de autobuz. Cel pu\u021bin 24 de oameni sunt r\u0103ni\u021bi VIDEO"},"content":{"rendered":"<p>\u201dPrimele elemente ale anchetei arat\u0103 c\u0103 un autobuz s-a oprit \u00eentr-o sta\u0163ie pentru a l\u0103sa pasageri s\u0103 coboare. Un camion a lovit, atunci, autobuzul \u015fi pasagerii\u201d, anun\u0163\u0103 poli\u0163ia.<\/p>\n<p>\u201dLa ora (local\u0103) 10.08 (\u015fi ora Rom\u00e2niei), am primit o informa\u0163ie (&#8230;) despre un camion care a lovit o sta\u0163ie de autobuz pe bulevardul Aharon Yariv, la Ramat Hasharon. Serviciile de salvare \u00eengrijesc \u00een prezent zeci de victime la fa\u0163a locului\u201d, a anun\u0163at \u00eentr-un comunicat MDA.<\/p>\n<p>PATRU R\u0102NI\u0162I GRAV<\/p>\n<p>Magen David Adom (MDA), echivalentul israelian al Crucii Ro\u015fii, a anun\u0163at c\u0103 patru r\u0103ni\u0163i, \u00een stare grav\u0103, au fost evacua\u0163i c\u0103tre spitale din regiune.<\/p>\n<p>Potrivit unor imagini AFP, numeroase ambulan\u0163e se aflau la fa\u0163a locului \u00een jurul camionului cu platform\u0103, a c\u0103rei cabin\u0103 era accidentat\u0103, dar \u015fi efective de poli\u0163ie, iar cel pu\u0163in un elicipter asigura o supraveghere aerian\u0103.<\/p>\n<p>Israelul organizeaz\u0103 duminic\u0103 ceremonii de marcarea a primei comemor\u0103ri ebraice a 7 octombrie 2023, ziua unui atac f\u0103r\u0103 precedent al mi\u015fc\u0103rii islamiste palestiniene Hamas \u00een sudul Israelului, care a declan\u0163at r\u0103zboiul aflat \u00een cues \u00een F\u00e2\u015fia Gaza \u015fi Liban.<\/p>","protected":false},"excerpt":{"rendered":"<p>\u201dPrimele elemente ale anchetei arat\u0103 c\u0103 un autobuz s-a oprit \u00eentr-o sta\u0163ie pentru a l\u0103sa&hellip;<\/p>\n","protected":false},"author":0,"featured_media":2244,"comment_status":"open","ping_status":"open","sticky":false,"template":"","format":"standard","meta":{"footnotes":""},"categories":[2],"tags":[],"class_list":["post-2251","post","type-post","status-publish","format-standard","has-post-thumbnail","hentry","category-actual"],"_links":{"self":[{"href":"https:\/\/247stiri.ro\/index.php\/wp-json\/wp\/v2\/posts\/2251","targetHints":{"allow":["GET"]}}],"collection":[{"href":"https:\/\/247stiri.ro\/index.php\/wp-json\/wp\/v2\/posts"}],"about":[{"href":"https:\/\/247stiri.ro\/index.php\/wp-json\/wp\/v2\/types\/post"}],"replies":[{"embeddable":true,"href":"https:\/\/247stiri.ro\/index.php\/wp-json\/wp\/v2\/comments?post=2251"}],"version-history":[{"count":0,"href":"https:\/\/247stiri.ro\/index.php\/wp-json\/wp\/v2\/posts\/2251\/revisions"}],"wp:featuredmedia":[{"embeddable":true,"href":"https:\/\/247stiri.ro\/index.php\/wp-json\/wp\/v2\/media\/2244"}],"wp:attachment":[{"href":"https:\/\/247stiri.ro\/index.php\/wp-json\/wp\/v2\/media?parent=2251"}],"wp:term":[{"taxonomy":"category","embeddable":true,"href":"https:\/\/247stiri.ro\/index.php\/wp-json\/wp\/v2\/categories?post=2251"},{"taxonomy":"post_tag","embeddable":true,"href":"https:\/\/247stiri.ro\/index.php\/wp-json\/wp\/v2\/tags?post=2251"}],"curies":[{"name":"wp","href":"https:\/\/api.w.org\/{rel}","templated":true}]}}