{"id":22510,"date":"2025-01-08T16:44:59","date_gmt":"2025-01-08T16:44:59","guid":{"rendered":"https:\/\/247stiri.ro\/index.php\/2025\/01\/08\/proteste-de-amploare-anuntate-pentru-24-ianuarie-angajatii-feroviari-si-rezervistii-militari-vin-in-piata-victoriei\/"},"modified":"2025-01-08T16:44:59","modified_gmt":"2025-01-08T16:44:59","slug":"proteste-de-amploare-anuntate-pentru-24-ianuarie-angajatii-feroviari-si-rezervistii-militari-vin-in-piata-victoriei","status":"publish","type":"post","link":"https:\/\/247stiri.ro\/index.php\/2025\/01\/08\/proteste-de-amploare-anuntate-pentru-24-ianuarie-angajatii-feroviari-si-rezervistii-militari-vin-in-piata-victoriei\/","title":{"rendered":"Proteste de amploare, anun\u021bate pentru 24 ianuarie. Angaja\u021bii feroviari \u0219i rezervi\u0219tii militari vin \u00een Pia\u021ba Victoriei"},"content":{"rendered":"<p>Scopul este, spun sindicatele, &#8222;impulsionarea rezolv\u0103rii promisiunilor f\u0103cute de Guvernul Rom\u00e2niei delega\u0163iilor federa\u0163iilor cu ocazia mitingului din 29 noiembrie 2024 \u015fi a unor situa\u0163ii ap\u0103rute \u00eentre timp gen ordonan\u0163a-trenule\u0163&#8221;.\u00a0<\/p>\n<p>Potrivit protocolului privind organizarea \u015fi desf\u0103\u015furarea adun\u0103rii publice solicitat\u0103 pentru 24 ianuarie 2025, eliberat de Prim\u0103ria Municipiului Bucure\u015fti, la protest sunt a\u015fteptate circa 30.000 de persoane.<\/p>\n<p>Traficul rutier \u00een Pia\u0163a Victoriei va fi resistematizat \u00een ziua protestului, \u00eencep\u00e2nd cu ora 13:00, prin asigurarea traficului rutier pe dou\u0103 benzi de circula\u0163ie pe sens \u00een fa\u0163a Guvernului, \u00eentre B-dul Aviatorilor \u015fi Calea Victoriei, respectiv B-dul Lasc\u0103r Catargiu, asigur\u00e2ndu-se circula\u0163ia pe Calea Victoriei, B-dul. Ion Mihalache, str. Buze\u015fti \u015fi B-dul Lasc\u0103r Catargiu.<\/p>\n<p>Ceferi\u015fti, militari, poli\u0163i\u015fti, mineri, siderurgi\u015fti, energeticieni \u015fi alte categorii socio-profesionale din cadrul Confedera\u0163iei Sindicale Na\u0163ionale Meridian \u015fi a altor structuri confederale au protestat, pe 29 noiembrie, \u00een Pia\u0163a Victoriei, ac\u0163iunea fiind o continuare a celor dou\u0103 mitinguri organizate \u00een data de 26 septembrie la Ministerul Muncii \u015fi Solidarit\u0103\u0163ii Sociale, respectiv pe 25 octombrie la Guvern, la care au participat peste 30.000 de persoane, nemul\u0163umite de condi\u0163iile de munc\u0103, de salarizare \u015fi de pensionare.<\/p>","protected":false},"excerpt":{"rendered":"<p>Scopul este, spun sindicatele, &#8222;impulsionarea rezolv\u0103rii promisiunilor f\u0103cute de Guvernul Rom\u00e2niei delega\u0163iilor federa\u0163iilor cu ocazia&hellip;<\/p>\n","protected":false},"author":0,"featured_media":22511,"comment_status":"open","ping_status":"open","sticky":false,"template":"","format":"standard","meta":{"footnotes":""},"categories":[2],"tags":[],"class_list":["post-22510","post","type-post","status-publish","format-standard","has-post-thumbnail","hentry","category-actual"],"_links":{"self":[{"href":"https:\/\/247stiri.ro\/index.php\/wp-json\/wp\/v2\/posts\/22510","targetHints":{"allow":["GET"]}}],"collection":[{"href":"https:\/\/247stiri.ro\/index.php\/wp-json\/wp\/v2\/posts"}],"about":[{"href":"https:\/\/247stiri.ro\/index.php\/wp-json\/wp\/v2\/types\/post"}],"replies":[{"embeddable":true,"href":"https:\/\/247stiri.ro\/index.php\/wp-json\/wp\/v2\/comments?post=22510"}],"version-history":[{"count":0,"href":"https:\/\/247stiri.ro\/index.php\/wp-json\/wp\/v2\/posts\/22510\/revisions"}],"wp:featuredmedia":[{"embeddable":true,"href":"https:\/\/247stiri.ro\/index.php\/wp-json\/wp\/v2\/media\/22511"}],"wp:attachment":[{"href":"https:\/\/247stiri.ro\/index.php\/wp-json\/wp\/v2\/media?parent=22510"}],"wp:term":[{"taxonomy":"category","embeddable":true,"href":"https:\/\/247stiri.ro\/index.php\/wp-json\/wp\/v2\/categories?post=22510"},{"taxonomy":"post_tag","embeddable":true,"href":"https:\/\/247stiri.ro\/index.php\/wp-json\/wp\/v2\/tags?post=22510"}],"curies":[{"name":"wp","href":"https:\/\/api.w.org\/{rel}","templated":true}]}}