{"id":2252,"date":"2024-10-27T11:44:47","date_gmt":"2024-10-27T11:44:47","guid":{"rendered":"https:\/\/247stiri.ro\/index.php\/2024\/10\/27\/candidatii-psd-satu-mare-au-ajuns-la-cimitir-mai-exact-pe-gardurile-acestuia\/"},"modified":"2024-10-27T11:44:47","modified_gmt":"2024-10-27T11:44:47","slug":"candidatii-psd-satu-mare-au-ajuns-la-cimitir-mai-exact-pe-gardurile-acestuia","status":"publish","type":"post","link":"https:\/\/247stiri.ro\/index.php\/2024\/10\/27\/candidatii-psd-satu-mare-au-ajuns-la-cimitir-mai-exact-pe-gardurile-acestuia\/","title":{"rendered":"Candida\u021bii PSD Satu Mare au ajuns la cimitir! Mai exact, pe gardurile acestuia"},"content":{"rendered":"<p>S\u0103 recurgi la astfel de tactici denot\u0103 nu doar un dispre\u021b total fa\u021b\u0103 de sacralitatea unui loc de odihn\u0103 ve\u0219nic\u0103, ci \u0219i o strategie electoral\u0103 lipsit\u0103 de orice considera\u021bie pentru decen\u021b\u0103 \u0219i bun sim\u021b.\u00cen timp ce un asemenea gest deplorabil ar putea p\u0103rea \u00een \u201eton\u201d cu imaginea controversat\u0103 a lui Mircea Govor, cunoscut pentru trecutul s\u0103u politic plin de controverse, surprinde amarnic implicarea doamnei Aurelia Fedorca, primarul ora\u0219ului Negre\u0219ti.<\/p>\n<p>Un edil cu experien\u021b\u0103 ar trebui s\u0103 \u0219tie c\u0103 politica nu ar trebui s\u0103 \u00ee\u0219i fac\u0103 loc \u00een astfel de spa\u021bii, unde oameni vin s\u0103 \u00ee\u0219i exprime respectul \u0219i recuno\u0219tin\u021ba. Fedorca ar fi fost \u00een pozi\u021bia de a descuraja astfel de gesturi deplasate, dar a ales s\u0103 se asocieze cu ele, arunc\u00e2nd o umbr\u0103 de \u00eendoial\u0103 asupra valorilor \u0219i priorit\u0103\u021bilor sale.Aceasta nu este doar o gre\u0219eal\u0103 de campanie \u2013 este o ofens\u0103 grav\u0103 la adresa demnit\u0103\u021bii umane \u0219i a memoriei celor care \u0219i-au g\u0103sit odihna aici.<\/p>\n<p>Aleg\u0103torii nu pot ignora o asemenea manifestare de insensibilitate. Politica f\u0103cut\u0103 cu un astfel de dispre\u021b fa\u021b\u0103 de comunitate \u0219i tradi\u021bie nu poate fi trecut\u0103 cu vederea \u0219i trebuie sanc\u021bionat\u0103 la urne.<\/p>\n<p>SURSA<\/p>","protected":false},"excerpt":{"rendered":"<p>S\u0103 recurgi la astfel de tactici denot\u0103 nu doar un dispre\u021b total fa\u021b\u0103 de sacralitatea&hellip;<\/p>\n","protected":false},"author":0,"featured_media":2246,"comment_status":"open","ping_status":"open","sticky":false,"template":"","format":"standard","meta":{"footnotes":""},"categories":[2],"tags":[],"class_list":["post-2252","post","type-post","status-publish","format-standard","has-post-thumbnail","hentry","category-actual"],"_links":{"self":[{"href":"https:\/\/247stiri.ro\/index.php\/wp-json\/wp\/v2\/posts\/2252","targetHints":{"allow":["GET"]}}],"collection":[{"href":"https:\/\/247stiri.ro\/index.php\/wp-json\/wp\/v2\/posts"}],"about":[{"href":"https:\/\/247stiri.ro\/index.php\/wp-json\/wp\/v2\/types\/post"}],"replies":[{"embeddable":true,"href":"https:\/\/247stiri.ro\/index.php\/wp-json\/wp\/v2\/comments?post=2252"}],"version-history":[{"count":0,"href":"https:\/\/247stiri.ro\/index.php\/wp-json\/wp\/v2\/posts\/2252\/revisions"}],"wp:featuredmedia":[{"embeddable":true,"href":"https:\/\/247stiri.ro\/index.php\/wp-json\/wp\/v2\/media\/2246"}],"wp:attachment":[{"href":"https:\/\/247stiri.ro\/index.php\/wp-json\/wp\/v2\/media?parent=2252"}],"wp:term":[{"taxonomy":"category","embeddable":true,"href":"https:\/\/247stiri.ro\/index.php\/wp-json\/wp\/v2\/categories?post=2252"},{"taxonomy":"post_tag","embeddable":true,"href":"https:\/\/247stiri.ro\/index.php\/wp-json\/wp\/v2\/tags?post=2252"}],"curies":[{"name":"wp","href":"https:\/\/api.w.org\/{rel}","templated":true}]}}