{"id":22551,"date":"2025-01-08T20:45:11","date_gmt":"2025-01-08T20:45:11","guid":{"rendered":"https:\/\/247stiri.ro\/index.php\/2025\/01\/08\/maria-vasii-anunta-bomba-romania-ar-putea-fi-judecata-pentru-anularea-alegerilor-s-ar-putea-deschide-procedura-de-infringement-si-sa-se-reia-turul-2\/"},"modified":"2025-01-08T20:45:11","modified_gmt":"2025-01-08T20:45:11","slug":"maria-vasii-anunta-bomba-romania-ar-putea-fi-judecata-pentru-anularea-alegerilor-s-ar-putea-deschide-procedura-de-infringement-si-sa-se-reia-turul-2","status":"publish","type":"post","link":"https:\/\/247stiri.ro\/index.php\/2025\/01\/08\/maria-vasii-anunta-bomba-romania-ar-putea-fi-judecata-pentru-anularea-alegerilor-s-ar-putea-deschide-procedura-de-infringement-si-sa-se-reia-turul-2\/","title":{"rendered":"Maria Vasii anun\u021b\u0103 bomba. Rom\u00e2nia ar putea fi judecat\u0103 pentru anularea alegerilor: \u201eS-ar putea deschide procedur\u0103 de infringement \u0219i s\u0103 se reia turul 2\u201d"},"content":{"rendered":"<p>\u201eDe azi, vorbim de o revela\u021bie a practicilor dreptului la nivelul UE. De azi \u00eenainte, \u00eenl\u0103turarea dreptului la vot al oamenilor nu mai este o chestiune intern\u0103, a Rom\u00e2niei, ci una european\u0103. De azi, ombudsmanul UE (Avocatul Poporului) investigheaz\u0103 alegerile din Rom\u00e2nia. B\u0103ie\u021bi! A\u021bi sfeclit-o! Cei care a\u021bi crezut c\u0103 \u00eenfr\u00e2nge\u021bi un popor, o democra\u021bie. La nivel intern, p\u00e2rghii murdare au supus anumite resorturi din domeniul judiciar. Din acest motiv am mers la organismele UE. Prin acea ordonan\u021b\u0103 care a restituit sumele c\u0103tre c\u0103tre competitorii legali ai lui C\u0103lin Georgescu s-a produs o frauda la bugetul \u021b\u0103rii, dar mai ales al Uniunii Europene. Astfel, banii UE preg\u0103ti\u021bi pentru consolidarea procesului democratic, au fost folosi\u021bi pentru a-i mitui pe liderii partidelor politice s\u0103 nu comenteze anularea alegerilor. De aceea, UE \u0219i Comisia European\u0103 sunt obligate s\u0103 efectueze auditul. Cine a furat banii, cine a semnat aceast\u0103 ordonan\u021b\u0103 frauduloasa. Azi am fost informa\u021bi c\u0103 avem 8 zile pentru a primi r\u0103spunsuri de la Curtea European\u0103 de Justi\u021bie. Presupun c\u0103 va fi deschis\u0103 procedura de infringement \u00eempotriva Rom\u00e2niei. CCR trebuie s\u0103 deschid\u0103 o anchet\u0103 ca s\u0103 vedem cine a f\u0103cut aceast\u0103 fraud\u0103 ru\u0219inoas\u0103. \u00cen aceast\u0103 s\u0103pt\u0103m\u00e2n\u0103 se va verifica dac\u0103 drepturile aleg\u0103torilor au fost respectate. Dac\u0103 nu, ne a\u0219tept\u0103m ca la finalul investiga\u021biei s\u0103 fie constatat\u0103 \u00eenc\u0103lcarea drepturilor.<\/p>\n<p><a href=\"https:\/\/www.realitatea.net\/stiri\/actual\/a-fost-publicata-motivarea-curtii-de-apel-bucuresti-in-cazul-lui-calin-georgescu-cum-au-explicat-judecatorii_677ed71cbb7b1222e940d19c\" target=\"_blank\">A fost publicat\u0103 MOTIVAREA Cur\u021bii de Apel Bucure\u0219ti \u00een cazul lui C\u0103lin Georgescu. Cum au explicat judec\u0103torii<\/a><\/p>\n<p>De acolo, Avocatul Poporului al UE va sesiza Curtea European\u0103 de Justi\u021bie va da \u00een judecat\u0103 statul rom\u00e2n. De asemenea, Avocatul Poporului, va recomanda \u0219i reluarea turului 2 al alegerilor. \u00cenc\u0103 nu \u0219tim ce solu\u021bie va fi dat\u0103, dar cunoa\u0219tem cadrul legal \u0219i mecanismul prin care Avocatul Poporului UE poate obliga Rom\u00e2nia s\u0103 reia alegerile. Decizia de a relua primul tur este ilegal\u0103. Nu po\u021bi s\u0103 \u00eel repui \u00een lupt\u0103 pe C\u0103lin Georgescu cu to\u021bi competitorii, pentru c\u0103 vor avea un avantaj. Azi, Avocatul Poporului ne- a informat c\u0103 \u00een 8 zile ne d\u0103 un r\u0103spuns. P\u00e2n\u0103 la sf\u00e2r\u0219itul lunii ianuarie se va lua o decizie. \u00cen aceast\u0103 procedur\u0103 la CEDO exist\u0103 posibilitatea impunerii relu\u0103rii turului 2. Curtea European\u0103 de Justi\u021bie este cea care va lua decizia. Prin aceste proceduri onor\u0103m cet\u0103\u021benii \u0219i C\u0103lin Georgescu, pentru c\u0103 merit\u0103m s\u0103 avem acces la instrumente democratice. S\u0103 nu uit\u0103m toate mesajele mincinoase trimise de televiziunile care au \u00eencercat s\u0103 consolideze ideea c\u0103 anularea votului este normal\u0103. Ei mint! Nu este corect s\u0103 \u00eel vede\u021bi pe candidatul dumneavoastr\u0103 \u00eenjosit prin tribunale. Nu sunt decizii corecte. Nu v\u0103 l\u0103sa\u021bi manipula\u021bi.<\/p>\n<p><a href=\"https:\/\/www.realitatea.net\/stiri\/actual\/un-avocat-cere-ca-iohannis-sa-fie-indepartat-de-la-cotroceni-el-da-in-judecata-statul-si-ccr_677ed530bb7b1222e940d196\" target=\"_blank\">Un avocat cere ca Iohannis s\u0103 fie \u00eendep\u0103rtat de la Cotroceni. El d\u0103 \u00een judecat\u0103 statul rom\u00e2n \u0219i CCR<\/a><\/p>\n<p>Cine administreaz\u0103 dreptatea? Nu cumva cei care au puterea? C\u0103lin Georgescu \u00eencearc\u0103 s\u0103 \u00eenfr\u00e2ng\u0103 puterea ocult\u0103. Noi nu mergem pe teorii oculte, ci pe ce scrie \u00een Constitu\u021bie. Acestea a\u0219tept\u0103ri ne-au fost furate. E greu s\u0103 lup\u021bi cu puterea. Am v\u0103zut, de-a lungul carierei, oameni murind sub privirile mele. Colegii mei avoca\u021bi cunosc aceste aspecte, dar mul\u021bi nu au curaj s\u0103 vorbeasc\u0103. C\u0103lin Georgescu e cel mai nobil om pe care l-am \u00eent\u00e2lnit \u00een toat\u0103 cariera mea. C\u0103lin Georgescu merit\u0103 reaspectat pentru c\u0103 \u00ee\u0219i asum\u0103 toate denigr\u0103rile pentru c\u0103 \u00eencearc\u0103 s\u0103 fac\u0103 ceva pentru noi, al\u0103turi de noi\u201d, a declarat avocata Maria Vasii.<\/p>\n<p>\u00a0<\/p>","protected":false},"excerpt":{"rendered":"<p>\u201eDe azi, vorbim de o revela\u021bie a practicilor dreptului la nivelul UE. De azi \u00eenainte,&hellip;<\/p>\n","protected":false},"author":0,"featured_media":22548,"comment_status":"open","ping_status":"open","sticky":false,"template":"","format":"standard","meta":{"footnotes":""},"categories":[2],"tags":[],"class_list":["post-22551","post","type-post","status-publish","format-standard","has-post-thumbnail","hentry","category-actual"],"_links":{"self":[{"href":"https:\/\/247stiri.ro\/index.php\/wp-json\/wp\/v2\/posts\/22551","targetHints":{"allow":["GET"]}}],"collection":[{"href":"https:\/\/247stiri.ro\/index.php\/wp-json\/wp\/v2\/posts"}],"about":[{"href":"https:\/\/247stiri.ro\/index.php\/wp-json\/wp\/v2\/types\/post"}],"replies":[{"embeddable":true,"href":"https:\/\/247stiri.ro\/index.php\/wp-json\/wp\/v2\/comments?post=22551"}],"version-history":[{"count":0,"href":"https:\/\/247stiri.ro\/index.php\/wp-json\/wp\/v2\/posts\/22551\/revisions"}],"wp:featuredmedia":[{"embeddable":true,"href":"https:\/\/247stiri.ro\/index.php\/wp-json\/wp\/v2\/media\/22548"}],"wp:attachment":[{"href":"https:\/\/247stiri.ro\/index.php\/wp-json\/wp\/v2\/media?parent=22551"}],"wp:term":[{"taxonomy":"category","embeddable":true,"href":"https:\/\/247stiri.ro\/index.php\/wp-json\/wp\/v2\/categories?post=22551"},{"taxonomy":"post_tag","embeddable":true,"href":"https:\/\/247stiri.ro\/index.php\/wp-json\/wp\/v2\/tags?post=22551"}],"curies":[{"name":"wp","href":"https:\/\/api.w.org\/{rel}","templated":true}]}}