{"id":22552,"date":"2025-01-08T20:45:11","date_gmt":"2025-01-08T20:45:11","guid":{"rendered":"https:\/\/247stiri.ro\/index.php\/2025\/01\/08\/a-fost-publicata-motivarea-curtii-de-apel-bucuresti-in-cazul-lui-calin-georgescu-cum-au-explicat-judecatorii\/"},"modified":"2025-01-08T20:45:11","modified_gmt":"2025-01-08T20:45:11","slug":"a-fost-publicata-motivarea-curtii-de-apel-bucuresti-in-cazul-lui-calin-georgescu-cum-au-explicat-judecatorii","status":"publish","type":"post","link":"https:\/\/247stiri.ro\/index.php\/2025\/01\/08\/a-fost-publicata-motivarea-curtii-de-apel-bucuresti-in-cazul-lui-calin-georgescu-cum-au-explicat-judecatorii\/","title":{"rendered":"A fost publicat\u0103 MOTIVAREA Cur\u021bii de Apel Bucure\u0219ti \u00een cazul lui C\u0103lin Georgescu. Cum au explicat judec\u0103torii"},"content":{"rendered":"<p>Curtea de Apel Bucure\u0219ti a publicat motivarea deciziei prin care a respins cererea formulat\u0103 de C\u0103lin Georgescu. Acesta solicitase anularea a trei decizii ale Biroului Electoral Central (BEC) \u0219i obligarea Guvernului s\u0103 reia turul al doilea al alegerilor preziden\u021biale. Hot\u0103r\u00e2rea instan\u021bei re\u021bine c\u0103 decizia BEC nr. 230D\/06.12.2024, una dintre deciziile contestate, a fost emis\u0103 \u00een conformitate cu prevederile legale, chiar dac\u0103 considerentele hot\u0103r\u00e2rii Cur\u021bii Constitu\u021bionale nu fuseser\u0103 \u00eenc\u0103 redactate.<\/p>\n<p>Potrivit instan\u021bei, caracterul obligatoriu al deciziilor Cur\u021bii Constitu\u021bionale se ata\u0219eaz\u0103 solu\u021biei cuprinse \u00een dispozitiv, iar considerentele sunt doar motivele care justific\u0103 solu\u021bia pronun\u021bat\u0103. Emiterea deciziei BEC \u00eenainte de publicarea motiv\u0103rii Cur\u021bii Constitu\u021bionale nu afecteaz\u0103 legalitatea actului administrativ.<\/p>\n<p>\u201eMotivarea este, de fapt, pe o pagin\u0103. \u00cen realitate, ceea ce s-a sus\u021binut, adic\u0103 ce am spus noi, ce excep\u021bii au ridicat p\u0103r\u00e2\u021bii, dup\u0103 cum observa\u021bi ceea ce v\u0103 tot spuneam, to\u021bi cei p\u0103r\u00e2\u021bi, serviciile, statul major, ministerul ap\u0103r\u0103rii, to\u021bi, pre\u0219edintele, au venit \u0219i au ridicat doar excep\u021bii. Excep\u021bia lipsei calit\u0103\u021bii procesuale \u0219i tot a\u0219a.<\/p>\n<p>Niciunul dintre ei nu a formulat ap\u0103r\u0103ri pe fond, ve\u021bi observa din hot\u0103r\u00e2re. Niciunul dintre ei nu a spus c\u0103 notele respective au \u00een spate probleme sau c\u0103 ar avea o relevan\u021b\u0103 pentru anulare. To\u021bi au spus c\u0103 ei nu au o calitate procesual\u0103, iar judec\u0103torul spune acela\u0219i lucru.<\/p>\n<p>Nu exist\u0103 hot\u0103r\u00e2rea 32 a Cur\u021bii Constitu\u021bionale \u0219i asta este ghinion. Mai mult dec\u00e2t at\u00e2t, \u00eemprejurarea c\u0103 noi am criticat faptul c\u0103 hot\u0103r\u00e2rea Cur\u021bii Constitu\u021bionale nu era publicat\u0103 \u00een momentul la care s-a adoptat decizia BEC 230, instan\u021ba spune, da, dar ce conteaz\u0103 c\u0103 scrie \u00een lege c\u0103 hot\u0103r\u00e2rile Cur\u021bii Constitu\u021bionale produc efectele de la data public\u0103rii \u00een manitorul oficial? Nu prezint\u0103 nicio relevan\u021b\u0103, c\u0103 oricum au publicat-o dup\u0103 aceea. Adic\u0103 nu prezint\u0103 relevan\u021b\u0103 c\u0103 un act administrativ a fost emis cu \u00eenc\u0103lcarea dispozi\u021biilor constitu\u021bionale \u0219i legale.<\/p>\n<p>Asta este. \u0218i aici am avut ghinion. Mai mult dec\u00e2t at\u00e2t, ni se mai spune c\u0103 deciziile BEC pot fi date c\u00e2nd au ceva de pus \u00een aplicare. De\u0219i legea, spune clar: judec\u0103torul, de\u0219i legea nu prevede o atribu\u021bie a BEC \u00een acest sens, nu prevede nici pentru Curtea Constitu\u021bional\u0103 o atribu\u021bie \u00een acest sens, atunci c\u00e2nd vrea Birou Electoral Central s\u0103 fac\u0103 ceva, s\u0103 pun\u0103 \u00een aplicare ceva, orice, \u0219i de aceasta dat\u0103 iat\u0103, a pus \u00een aplicare o hot\u0103r\u00e2re a Constitu\u021bionale, poate s\u0103 fac\u0103 orice. Deci, practic, \u00een aceast\u0103 hot\u0103r\u00e2re ni se spune c\u0103 oricine poate s\u0103 fac\u0103 orice \u00een aceast\u0103 \u021bar\u0103. Asta este rezumatul unei hot\u0103r\u00e2ri \u00eentr-adev\u0103r de 26 de pagini \u00een care motivarea este efectiv pe jum\u0103tate de pagin\u0103\u201d, a spus avocata Ingrid Mocanu, la Realitatea PLUS.<\/p>\n<p>\u00a0<\/p>","protected":false},"excerpt":{"rendered":"<p>Curtea de Apel Bucure\u0219ti a publicat motivarea deciziei prin care a respins cererea formulat\u0103 de&hellip;<\/p>\n","protected":false},"author":0,"featured_media":22553,"comment_status":"open","ping_status":"open","sticky":false,"template":"","format":"standard","meta":{"footnotes":""},"categories":[2],"tags":[],"class_list":["post-22552","post","type-post","status-publish","format-standard","has-post-thumbnail","hentry","category-actual"],"_links":{"self":[{"href":"https:\/\/247stiri.ro\/index.php\/wp-json\/wp\/v2\/posts\/22552","targetHints":{"allow":["GET"]}}],"collection":[{"href":"https:\/\/247stiri.ro\/index.php\/wp-json\/wp\/v2\/posts"}],"about":[{"href":"https:\/\/247stiri.ro\/index.php\/wp-json\/wp\/v2\/types\/post"}],"replies":[{"embeddable":true,"href":"https:\/\/247stiri.ro\/index.php\/wp-json\/wp\/v2\/comments?post=22552"}],"version-history":[{"count":0,"href":"https:\/\/247stiri.ro\/index.php\/wp-json\/wp\/v2\/posts\/22552\/revisions"}],"wp:featuredmedia":[{"embeddable":true,"href":"https:\/\/247stiri.ro\/index.php\/wp-json\/wp\/v2\/media\/22553"}],"wp:attachment":[{"href":"https:\/\/247stiri.ro\/index.php\/wp-json\/wp\/v2\/media?parent=22552"}],"wp:term":[{"taxonomy":"category","embeddable":true,"href":"https:\/\/247stiri.ro\/index.php\/wp-json\/wp\/v2\/categories?post=22552"},{"taxonomy":"post_tag","embeddable":true,"href":"https:\/\/247stiri.ro\/index.php\/wp-json\/wp\/v2\/tags?post=22552"}],"curies":[{"name":"wp","href":"https:\/\/api.w.org\/{rel}","templated":true}]}}