{"id":22567,"date":"2025-01-08T21:47:06","date_gmt":"2025-01-08T21:47:06","guid":{"rendered":"https:\/\/247stiri.ro\/index.php\/2025\/01\/08\/protest-masiv-al-politistilor-in-capitala-pe-17-ianuarie-se-intalnesc-in-piata-constitutiei-si-apoi-pleaca-in-mars-spre-mai-multe-ministere\/"},"modified":"2025-01-08T21:47:06","modified_gmt":"2025-01-08T21:47:06","slug":"protest-masiv-al-politistilor-in-capitala-pe-17-ianuarie-se-intalnesc-in-piata-constitutiei-si-apoi-pleaca-in-mars-spre-mai-multe-ministere","status":"publish","type":"post","link":"https:\/\/247stiri.ro\/index.php\/2025\/01\/08\/protest-masiv-al-politistilor-in-capitala-pe-17-ianuarie-se-intalnesc-in-piata-constitutiei-si-apoi-pleaca-in-mars-spre-mai-multe-ministere\/","title":{"rendered":"Protest masiv al poli\u021bi\u0219tilor \u00een Capital\u0103 pe 17 ianuarie. Se \u00eent\u00e2lnesc \u00een Pia\u021ba Constitu\u021biei \u0219i apoi pleac\u0103 \u00een mar\u0219 spre mai multe ministere"},"content":{"rendered":"<p>\u00centr-un comunicat de pres\u0103, organiza\u021biile sindicale &#8211; F.S.N.P.P.C., Sindicatul EUROPOL, Sindicatul SIDEPOL, Sindicatul PRO LEX, Sindicatul DECUS, SNPTF, Federa\u021bia Publisind &#8211; SNPP, FSANP, FSSP, Forumul Militarilor SAOPSNAJ, Sindicatul Diamantul, Federa\u021bia Smart Lex, Asocia\u021bia Pensionarilor ANP, Federa\u021bia &#8216;A. I. CUZA&#8217;, Federa\u021bia Vlad \u021aepe\u0219, Sindicatul SNAP \u0218tefan cel Mare &#8211; anun\u021b\u0103 c\u0103 vor avea un protest comun pe data de 17 ianuarie, \u00eentre orele 12,00 \u0219i 16,00. Protestatarii se vor aduna \u00een Pia\u021ba Constitu\u021biei, apoi se vor deplasa \u00een mar\u0219 spre Ministerul de Finan\u021be, Ministerul Justi\u021biei, Ministerul Afacerilor Interne \u0219i Guvern.<\/p>\n<p>Revendic\u0103rile vizeaz\u0103 plata sporului\/ major\u0103rii pentru munca prestat\u0103 de poli\u021bi\u0219ti, poli\u021bi\u0219ti de penitenciare \u0219i militari, \u00een zilele de s\u00e2mb\u0103t\u0103, duminic\u0103 \u0219i s\u0103rb\u0103tori legale \u0219i alte zile declarate de lege ca fiind nelucr\u0103toare (modificarea urgent\u0103 a OUG 156\/2024) \u0219i indexarea pensiilor militare cu ultima rat\u0103 medie anual\u0103 a infla\u021biei.<\/p>\n<p>\u00a0<\/p>","protected":false},"excerpt":{"rendered":"<p>\u00centr-un comunicat de pres\u0103, organiza\u021biile sindicale &#8211; F.S.N.P.P.C., Sindicatul EUROPOL, Sindicatul SIDEPOL, Sindicatul PRO LEX,&hellip;<\/p>\n","protected":false},"author":0,"featured_media":22568,"comment_status":"open","ping_status":"open","sticky":false,"template":"","format":"standard","meta":{"footnotes":""},"categories":[2],"tags":[],"class_list":["post-22567","post","type-post","status-publish","format-standard","has-post-thumbnail","hentry","category-actual"],"_links":{"self":[{"href":"https:\/\/247stiri.ro\/index.php\/wp-json\/wp\/v2\/posts\/22567","targetHints":{"allow":["GET"]}}],"collection":[{"href":"https:\/\/247stiri.ro\/index.php\/wp-json\/wp\/v2\/posts"}],"about":[{"href":"https:\/\/247stiri.ro\/index.php\/wp-json\/wp\/v2\/types\/post"}],"replies":[{"embeddable":true,"href":"https:\/\/247stiri.ro\/index.php\/wp-json\/wp\/v2\/comments?post=22567"}],"version-history":[{"count":0,"href":"https:\/\/247stiri.ro\/index.php\/wp-json\/wp\/v2\/posts\/22567\/revisions"}],"wp:featuredmedia":[{"embeddable":true,"href":"https:\/\/247stiri.ro\/index.php\/wp-json\/wp\/v2\/media\/22568"}],"wp:attachment":[{"href":"https:\/\/247stiri.ro\/index.php\/wp-json\/wp\/v2\/media?parent=22567"}],"wp:term":[{"taxonomy":"category","embeddable":true,"href":"https:\/\/247stiri.ro\/index.php\/wp-json\/wp\/v2\/categories?post=22567"},{"taxonomy":"post_tag","embeddable":true,"href":"https:\/\/247stiri.ro\/index.php\/wp-json\/wp\/v2\/tags?post=22567"}],"curies":[{"name":"wp","href":"https:\/\/api.w.org\/{rel}","templated":true}]}}