{"id":22578,"date":"2025-01-08T22:45:52","date_gmt":"2025-01-08T22:45:52","guid":{"rendered":"https:\/\/247stiri.ro\/index.php\/2025\/01\/08\/trump-sesizeaza-curtea-suprema-a-sua-pentru-a-scapa-de-sentinta-in-dosarul-stormy-daniels\/"},"modified":"2025-01-08T22:45:52","modified_gmt":"2025-01-08T22:45:52","slug":"trump-sesizeaza-curtea-suprema-a-sua-pentru-a-scapa-de-sentinta-in-dosarul-stormy-daniels","status":"publish","type":"post","link":"https:\/\/247stiri.ro\/index.php\/2025\/01\/08\/trump-sesizeaza-curtea-suprema-a-sua-pentru-a-scapa-de-sentinta-in-dosarul-stormy-daniels\/","title":{"rendered":"Trump sesizeaz\u0103 Curtea Suprem\u0103 a SUA pentru a sc\u0103pa de sentin\u021ba \u00een dosarul Stormy Daniels"},"content":{"rendered":"<p>\u00centr-un document datat mar\u0163i, avoca\u0163ii celui care va deveni la 20 ianuarie cel de-al 47-lea pre\u015fedinte al Statelor Unite solicit\u0103 \u201eo suspendare de urgen\u0163\u0103 pentru a \u00eempiedica continuarea procedurilor penale la un tribunal din statul New York, inclusiv o audiere de condamnare programat\u0103 vineri, 10 ianuarie, la ora 9:30 a.m.\u201d.<\/p>\n<p>Curtea Suprem\u0103 \u201etrebuie s\u0103 suspende imediat procedurile judiciare (penale) de la New York pentru a preveni o nedreptate grav\u0103 \u015fi un atac la adresa institu\u0163iei preziden\u0163iale \u015fi a func\u0163ion\u0103rii guvernului federal\u201d, insist\u0103 avoca\u0163ii, care invoc\u0103 constant \u201eimunitatea preziden\u0163ial\u0103\u201d a clientului lor.<\/p>\n<p>Luni, tab\u0103ra Trump a fost refuzat\u0103 de judec\u0103torul de caz de la tribunalul din Manhattan care a prezidat procesul \u015fi apoi de o curte de apel c\u0103reia \u00eei ceruse s\u0103 \u00eenghe\u0163e procedurile \u015fi s\u0103 am\u00e2ne audierea de vineri.<\/p>\n<p>Cu excep\u0163ia unui succes al apelului la Curtea Suprem\u0103 federal\u0103 din Washington &#8211; unde \u015fase dintre cei nou\u0103 judec\u0103tori sunt conservatori -, sentin\u0163a lui Donald Trump va fi pronun\u0163at\u0103 vineri, la ora 16.30, ora Rom\u00e2niei. El ar putea ap\u0103rea personal sau de la distan\u0163\u0103, prin leg\u0103tur\u0103 video, \u00een timpul acestei audieri istorice, dar extrem de simbolice, deoarece judec\u0103torul a exclus deja o pedeaps\u0103 cu \u00eenchisoarea sau chiar o amend\u0103.<\/p>","protected":false},"excerpt":{"rendered":"<p>\u00centr-un document datat mar\u0163i, avoca\u0163ii celui care va deveni la 20 ianuarie cel de-al 47-lea&hellip;<\/p>\n","protected":false},"author":0,"featured_media":22577,"comment_status":"open","ping_status":"open","sticky":false,"template":"","format":"standard","meta":{"footnotes":""},"categories":[2],"tags":[],"class_list":["post-22578","post","type-post","status-publish","format-standard","has-post-thumbnail","hentry","category-actual"],"_links":{"self":[{"href":"https:\/\/247stiri.ro\/index.php\/wp-json\/wp\/v2\/posts\/22578","targetHints":{"allow":["GET"]}}],"collection":[{"href":"https:\/\/247stiri.ro\/index.php\/wp-json\/wp\/v2\/posts"}],"about":[{"href":"https:\/\/247stiri.ro\/index.php\/wp-json\/wp\/v2\/types\/post"}],"replies":[{"embeddable":true,"href":"https:\/\/247stiri.ro\/index.php\/wp-json\/wp\/v2\/comments?post=22578"}],"version-history":[{"count":0,"href":"https:\/\/247stiri.ro\/index.php\/wp-json\/wp\/v2\/posts\/22578\/revisions"}],"wp:featuredmedia":[{"embeddable":true,"href":"https:\/\/247stiri.ro\/index.php\/wp-json\/wp\/v2\/media\/22577"}],"wp:attachment":[{"href":"https:\/\/247stiri.ro\/index.php\/wp-json\/wp\/v2\/media?parent=22578"}],"wp:term":[{"taxonomy":"category","embeddable":true,"href":"https:\/\/247stiri.ro\/index.php\/wp-json\/wp\/v2\/categories?post=22578"},{"taxonomy":"post_tag","embeddable":true,"href":"https:\/\/247stiri.ro\/index.php\/wp-json\/wp\/v2\/tags?post=22578"}],"curies":[{"name":"wp","href":"https:\/\/api.w.org\/{rel}","templated":true}]}}