{"id":22658,"date":"2025-01-09T08:44:55","date_gmt":"2025-01-09T08:44:55","guid":{"rendered":"https:\/\/247stiri.ro\/index.php\/2025\/01\/09\/cei-doi-adolescenti-gasiti-morti-pe-un-camp-de-langa-tulcea-s-ar-fi-sinucis-din-dragoste-povestea-cutremuratoare\/"},"modified":"2025-01-09T08:44:55","modified_gmt":"2025-01-09T08:44:55","slug":"cei-doi-adolescenti-gasiti-morti-pe-un-camp-de-langa-tulcea-s-ar-fi-sinucis-din-dragoste-povestea-cutremuratoare","status":"publish","type":"post","link":"https:\/\/247stiri.ro\/index.php\/2025\/01\/09\/cei-doi-adolescenti-gasiti-morti-pe-un-camp-de-langa-tulcea-s-ar-fi-sinucis-din-dragoste-povestea-cutremuratoare\/","title":{"rendered":"Cei doi adolescen\u021bi g\u0103si\u0163i MOR\u021aI pe un c\u00e2mp de l\u00e2ng\u0103 Tulcea s-ar fi SINUCIS DIN DRAGOSTE. Povestea cutremur\u0103toare"},"content":{"rendered":"<p>Cei doi au plecat de bun\u0103voie de acas\u0103 cu patru zile \u00eenainte de a fi descoperi\u021bi mor\u021bi.<\/p>\n<p>Din informa\u021biile ap\u0103rute \u00een presa local\u0103, se pare c\u0103 numai familia fetei a fost de acord ca dispari\u021bia s\u0103 fie mediatizat\u0103. Informa\u021bia a fost ulterior confirmat\u0103 \u0219i de poli\u021bi\u0219tii tulceni. &#8222;De asemenea, la data de 6 ianuarie a.c., apar\u021bin\u0103torii unuia dintre minori \u0219i-au exprimat acordul cu privire la mediatizarea cazului, astfel fiind solicitat sprijinul cet\u0103\u021benilor, prin intermediul mass-mediei, iar \u00een cazul celui de-al doilea minor, apar\u021bin\u0103torii nu au fost de acord cu mediatizarea cazului&#8221;, au transmis reprezentan\u021bii IPJ Tulcea.\u00a0<\/p>\n<p>De altfel, \u00een privin\u021ba b\u0103iatului, se pare c\u0103 acesta mai plecase \u0219i \u00een alte d\u0103\u021bi de-acas\u0103, dar de fiecare dat\u0103 s-a \u00eentors teaf\u0103r.<\/p>\n<p>Surse din anchet\u0103 afirm\u0103 c\u0103 adolescen\u021bii ar fi avut o rela\u021bie cu care p\u0103rin\u021bii nu erau de acord, fapt ce face ca ipoteza\u00a0 sinuciderii s\u0103 fie plauzibil\u0103.\u00a0<\/p>\n<p>De altfel, tocmai din acest motiv, nu este exclus faptul ca cei doi s\u0103 \u00ee\u015fi fi premeditat gestul \u015fi s\u0103 se fi aruncat \u00een gol de pe peretele vertical al\u00a0 Carierei Bididia, cu o \u00een\u0103l\u0163ime de peste 20 de metri, scria presa local\u0103 \u00eenc\u0103 de ieri.\u00a0<\/p>\n<p>Tat\u0103l vitreg al copilului acuz\u0103 psihologii c\u0103 l-au \u00eempiedicat \u00een ultimul timp s\u0103 fie al\u0103turi de copilul s\u0103u.<\/p>\n<p>\u201dNici psihologii nu \u00ee\u021bi dau voie s\u0103 duci copii unde trebuie. Asta s-a \u00eent\u00e2mplat. Un psiholog, \u00een loc s\u0103 pun\u0103 la un loc p\u0103rin\u021bii cu copiii caut\u0103 s\u0103 \u021bi-i ia\u201d, a spus b\u0103rbatul.\u00a0<\/p>","protected":false},"excerpt":{"rendered":"<p>Cei doi au plecat de bun\u0103voie de acas\u0103 cu patru zile \u00eenainte de a fi&hellip;<\/p>\n","protected":false},"author":0,"featured_media":22659,"comment_status":"open","ping_status":"open","sticky":false,"template":"","format":"standard","meta":{"footnotes":""},"categories":[2],"tags":[],"class_list":["post-22658","post","type-post","status-publish","format-standard","has-post-thumbnail","hentry","category-actual"],"_links":{"self":[{"href":"https:\/\/247stiri.ro\/index.php\/wp-json\/wp\/v2\/posts\/22658","targetHints":{"allow":["GET"]}}],"collection":[{"href":"https:\/\/247stiri.ro\/index.php\/wp-json\/wp\/v2\/posts"}],"about":[{"href":"https:\/\/247stiri.ro\/index.php\/wp-json\/wp\/v2\/types\/post"}],"replies":[{"embeddable":true,"href":"https:\/\/247stiri.ro\/index.php\/wp-json\/wp\/v2\/comments?post=22658"}],"version-history":[{"count":0,"href":"https:\/\/247stiri.ro\/index.php\/wp-json\/wp\/v2\/posts\/22658\/revisions"}],"wp:featuredmedia":[{"embeddable":true,"href":"https:\/\/247stiri.ro\/index.php\/wp-json\/wp\/v2\/media\/22659"}],"wp:attachment":[{"href":"https:\/\/247stiri.ro\/index.php\/wp-json\/wp\/v2\/media?parent=22658"}],"wp:term":[{"taxonomy":"category","embeddable":true,"href":"https:\/\/247stiri.ro\/index.php\/wp-json\/wp\/v2\/categories?post=22658"},{"taxonomy":"post_tag","embeddable":true,"href":"https:\/\/247stiri.ro\/index.php\/wp-json\/wp\/v2\/tags?post=22658"}],"curies":[{"name":"wp","href":"https:\/\/api.w.org\/{rel}","templated":true}]}}