{"id":2266,"date":"2024-10-27T13:59:17","date_gmt":"2024-10-27T13:59:17","guid":{"rendered":"https:\/\/247stiri.ro\/index.php\/2024\/10\/27\/batalia-pentru-republica-moldova-maia-sandu-l-a-lasat-mut-pe-alexandr-stoianoglo\/"},"modified":"2024-10-27T13:59:17","modified_gmt":"2024-10-27T13:59:17","slug":"batalia-pentru-republica-moldova-maia-sandu-l-a-lasat-mut-pe-alexandr-stoianoglo","status":"publish","type":"post","link":"https:\/\/247stiri.ro\/index.php\/2024\/10\/27\/batalia-pentru-republica-moldova-maia-sandu-l-a-lasat-mut-pe-alexandr-stoianoglo\/","title":{"rendered":"B\u0103t\u0103lia pentru Republica Moldova. Maia Sandu l-a l\u0103sat mut pe Alexandr Stoianoglo"},"content":{"rendered":"<p>\u00cen cadrul unei dezbateri electorale, f\u0103r\u0103 moderator, care a avut loc duminic\u0103, \u00eenainte de turul al doilea al alegerilor preziden\u0163iale, Maia Sandu i-a adresat lui Stoianoglo o \u00eentrebare despre beneficiile pa\u015faportului rom\u00e2nesc.&#8221;Acum, c\u00e2nd vorbim despre Rom\u00e2nia, eu vreau s\u0103 v\u0103 \u00eentreb un lucru aici: Domnule Stoianoglo, dumneavoastr\u0103 sunte\u0163i cet\u0103\u0163ean european, pentru c\u0103 sunte\u0163i cet\u0103\u0163ean al Rom\u00e2niei, dar la referendum nu a\u0163i vrut s\u0103 sus\u0163ine\u0163i acest lucru. De ce crede\u0163i c\u0103 dumneavoastr\u0103 trebuie s\u0103 ave\u0163i beneficiile pe care le ofer\u0103 pa\u015faportul unui cet\u0103\u0163ean european, dar ceilal\u0163i oameni din Moldova nu? Poate nu to\u0163i oamenii vor s\u0103 \u00ee\u015fi ia cet\u0103\u0163enia rom\u00e2n\u0103 sau poate nu to\u0163i oamenii pot s\u0103 \u00ee\u015fi ia cet\u0103\u0163enia rom\u00e2n\u0103. Dumneavoastr\u0103, prin decizia dumneavoastr\u0103 la referendum, le limita\u0163i celorlal\u0163i oameni dreptul s\u0103 aib\u0103 acelea\u015fi avantaje pe care le ave\u0163i dumneavoastr\u0103 datorit\u0103 acestei cet\u0103\u0163enii rom\u00e2ne&#8221;.Candidatul sociali\u015ftilor nu doar c\u0103 nu a oferit r\u0103spuns la \u00eentrebarea adresat\u0103 de Maia Sandu \u00een limba rom\u00e2n\u0103, dar a decis s\u0103 se refere la un alt subiect, vorbind \u00een limba rus\u0103. \u00cen r\u0103spunsul s\u0103u, el a f\u0103cut trimitere la Carta European\u0103 a Limbilor Regionale sau Minoritare \u015fi drepturile minorit\u0103\u0163ii maghiare din Rom\u00e2nia.Anterior \u00een cadrul dezbaterii, Stoianoglo a spus c\u0103 nu a votat la referendumul privind aderarea \u0163\u0103rii la UE, care a avut loc odat\u0103 cu primul tur al alegerilor preziden\u0163iale din urm\u0103 cu o s\u0103pt\u0103m\u00e2n\u0103, din cauz\u0103 c\u0103 acest scrutin ar fi fost ini\u0163iat doar cu scopul de a crea un avantaj electoral pentru actuala pre\u015fedint\u0103.\u00a0<\/p>","protected":false},"excerpt":{"rendered":"<p>\u00cen cadrul unei dezbateri electorale, f\u0103r\u0103 moderator, care a avut loc duminic\u0103, \u00eenainte de turul&hellip;<\/p>\n","protected":false},"author":0,"featured_media":2265,"comment_status":"open","ping_status":"open","sticky":false,"template":"","format":"standard","meta":{"footnotes":""},"categories":[2],"tags":[],"class_list":["post-2266","post","type-post","status-publish","format-standard","has-post-thumbnail","hentry","category-actual"],"_links":{"self":[{"href":"https:\/\/247stiri.ro\/index.php\/wp-json\/wp\/v2\/posts\/2266","targetHints":{"allow":["GET"]}}],"collection":[{"href":"https:\/\/247stiri.ro\/index.php\/wp-json\/wp\/v2\/posts"}],"about":[{"href":"https:\/\/247stiri.ro\/index.php\/wp-json\/wp\/v2\/types\/post"}],"replies":[{"embeddable":true,"href":"https:\/\/247stiri.ro\/index.php\/wp-json\/wp\/v2\/comments?post=2266"}],"version-history":[{"count":0,"href":"https:\/\/247stiri.ro\/index.php\/wp-json\/wp\/v2\/posts\/2266\/revisions"}],"wp:featuredmedia":[{"embeddable":true,"href":"https:\/\/247stiri.ro\/index.php\/wp-json\/wp\/v2\/media\/2265"}],"wp:attachment":[{"href":"https:\/\/247stiri.ro\/index.php\/wp-json\/wp\/v2\/media?parent=2266"}],"wp:term":[{"taxonomy":"category","embeddable":true,"href":"https:\/\/247stiri.ro\/index.php\/wp-json\/wp\/v2\/categories?post=2266"},{"taxonomy":"post_tag","embeddable":true,"href":"https:\/\/247stiri.ro\/index.php\/wp-json\/wp\/v2\/tags?post=2266"}],"curies":[{"name":"wp","href":"https:\/\/api.w.org\/{rel}","templated":true}]}}