{"id":22681,"date":"2025-01-09T09:46:06","date_gmt":"2025-01-09T09:46:06","guid":{"rendered":"https:\/\/247stiri.ro\/index.php\/2025\/01\/09\/ce-parere-are-mitica-dragomir-despre-candidatul-la-prezidentiale-calin-georgescu-castiga-in-joc-de-glezne\/"},"modified":"2025-01-09T09:46:06","modified_gmt":"2025-01-09T09:46:06","slug":"ce-parere-are-mitica-dragomir-despre-candidatul-la-prezidentiale-calin-georgescu-castiga-in-joc-de-glezne","status":"publish","type":"post","link":"https:\/\/247stiri.ro\/index.php\/2025\/01\/09\/ce-parere-are-mitica-dragomir-despre-candidatul-la-prezidentiale-calin-georgescu-castiga-in-joc-de-glezne\/","title":{"rendered":"Ce p\u0103rere are Mitic\u0103 Dragomir despre candidatul la preziden\u021biale, C\u0103lin Georgescu: \u201eC\u00e2\u0219tig\u0103 \u00een joc de glezne!\u201d"},"content":{"rendered":"<p>\u00cen plus, <a href=\"https:\/\/www.realitatea.net\/stiri\/politica\/mitica-dragomir-a-declarat-ca-stie-cine-va-castiga-alegerile-prezidentiale-dau-in-scris_6734a31d398bc058056d1fd7\" target=\"_blank\">Dragomir este de p\u0103rere<\/a> c\u0103 Iohannis nu a permis ca \u021bara s\u0103 intre \u00een haos f\u0103r\u0103 s\u0103 aib\u0103 sus\u021binere din partea unor lideri europeni.\u00a0<\/p>\n<p>\u201eDe a\u0219a natur\u0103 sunt f\u0103cute legile \u00eenc\u00e2t Curtea Constitu\u021bional\u0103 s\u0103 nu fie atacat\u0103 de nimeni.\u00a0Au dat:verdictul. Este clar c\u0103 este o nedreptate f\u0103cut\u0103 lui Georgescu. Pe fa\u021b\u0103! Este o nedreptate.\u00a0\u00cen aceast\u0103 \u021bar\u0103 nu s-a schimbat nimic de zeci de ani.Crede\u021bi c\u0103 Iohannis a f\u0103cut ceva de capul lui?A f\u0103cut cu \u00eencuviin\u021barea c\u00e2torva capete tulburi de la comunitatea european\u0103. C\u0103 altfel nu se putea \u00eent\u00e2mpla a\u0219a ceva.Dac\u0103 \u00eei d\u0103 voie lui Georgescu s\u0103 concureze, iese \u00een joc de glezne pre\u0219edinte. Pot s\u0103 fac\u0103 slujbe la toate bisericile, Georgescu va ie\u0219i pre\u0219edinte dac\u0103 \u00eei dau voie s\u0103 concureze.\u201d, <a href=\"https:\/\/www.realitatea.net\/stiri\/sport\/mitica-dragomir-socat-ca-gigi-becali-intra-in-politica-ii-place-sa-fie-injurat-de-presa_66fe89c710fb8b19d903e802\" target=\"_blank\">a transmis Mitic\u0103 Dragomir.<\/a><\/p>","protected":false},"excerpt":{"rendered":"<p>\u00cen plus, Dragomir este de p\u0103rere c\u0103 Iohannis nu a permis ca \u021bara s\u0103 intre&hellip;<\/p>\n","protected":false},"author":0,"featured_media":22682,"comment_status":"open","ping_status":"open","sticky":false,"template":"","format":"standard","meta":{"footnotes":""},"categories":[3],"tags":[],"class_list":["post-22681","post","type-post","status-publish","format-standard","has-post-thumbnail","hentry","category-politica"],"_links":{"self":[{"href":"https:\/\/247stiri.ro\/index.php\/wp-json\/wp\/v2\/posts\/22681","targetHints":{"allow":["GET"]}}],"collection":[{"href":"https:\/\/247stiri.ro\/index.php\/wp-json\/wp\/v2\/posts"}],"about":[{"href":"https:\/\/247stiri.ro\/index.php\/wp-json\/wp\/v2\/types\/post"}],"replies":[{"embeddable":true,"href":"https:\/\/247stiri.ro\/index.php\/wp-json\/wp\/v2\/comments?post=22681"}],"version-history":[{"count":0,"href":"https:\/\/247stiri.ro\/index.php\/wp-json\/wp\/v2\/posts\/22681\/revisions"}],"wp:featuredmedia":[{"embeddable":true,"href":"https:\/\/247stiri.ro\/index.php\/wp-json\/wp\/v2\/media\/22682"}],"wp:attachment":[{"href":"https:\/\/247stiri.ro\/index.php\/wp-json\/wp\/v2\/media?parent=22681"}],"wp:term":[{"taxonomy":"category","embeddable":true,"href":"https:\/\/247stiri.ro\/index.php\/wp-json\/wp\/v2\/categories?post=22681"},{"taxonomy":"post_tag","embeddable":true,"href":"https:\/\/247stiri.ro\/index.php\/wp-json\/wp\/v2\/tags?post=22681"}],"curies":[{"name":"wp","href":"https:\/\/api.w.org\/{rel}","templated":true}]}}