{"id":22683,"date":"2025-01-09T09:46:06","date_gmt":"2025-01-09T09:46:06","guid":{"rendered":"https:\/\/247stiri.ro\/index.php\/2025\/01\/09\/ipocrizia-fara-limite-a-lui-victor-ponta-cum-si-a-schimbat-discursul-despre-trump\/"},"modified":"2025-01-09T09:46:06","modified_gmt":"2025-01-09T09:46:06","slug":"ipocrizia-fara-limite-a-lui-victor-ponta-cum-si-a-schimbat-discursul-despre-trump","status":"publish","type":"post","link":"https:\/\/247stiri.ro\/index.php\/2025\/01\/09\/ipocrizia-fara-limite-a-lui-victor-ponta-cum-si-a-schimbat-discursul-despre-trump\/","title":{"rendered":"Ipocrizia f\u0103r\u0103 limite a lui Victor Ponta. Cum \u0219i-a schimbat discursul despre Trump"},"content":{"rendered":"<p><a href=\"https:\/\/www.realitatea.net\/stiri\/actual\/victor-ponta-crin-joaca-poker-la-cacealma-ciolacu-joaca-sah-ca-de-obicei-inca-nu-a-mutat_677d5720759b9b4d3a087bf2\" target=\"_blank\">Ponta spunea<\/a> dup\u0103 primul mandat al lui republicanului c\u0103 se ajunsese la un \u201enivel insuportabil\u201d \u0219i \u00eel l\u0103uda pe Joe Biden. \u201eDonald Trump nu a fost foarte preocupat de Rom\u00e2nia, nu e niciun teren de golf important aici\u201d, declara Ponta.\u00a0<\/p>\n<p>Victor Ponta \u00ee\u0219i ar\u0103ta dispre\u021bul pentru Trump \u00een 2020<\/p>\n<p>\u201e\u00cen America se ajunsese deja la un nivel insuportabil \u0219i probabil c\u0103 \u00eenc\u0103 4 ani cu Donald Trump ar fi fost foarte dificili pentru toat\u0103 lumea. Spre deosebire de Donald Trump, care dac\u0103 jucai golf cu el \u0219i te \u00een\u021belegeai se rezolvau problemele, cu Joe Biden po\u021bi s\u0103 fii prieten, po\u021bi s\u0103 te cuno\u0219ti foarte bine.\u00a0<\/p>\n<p>Cu siguran\u021b\u0103 Joe Biden \u0219tie mult mai multe despre Rom\u00e2nia dec\u00e2t Donald Trump. Asta este evident. Donald Trump, nefiind niciun teren de golf important \u00een Rom\u00e2nia, n-are investi\u021bie, nu a \u0219tiut foarte mult \u0219i nu a fost preocupat de Rom\u00e2nia.\u00a0La Donald Trump nu \u0219tiai&#8230;c\u00e2nd se sup\u0103r\u0103 c\u00e2nd te pup\u0103&#8230; te bate.\u201d, <a href=\"https:\/\/www.realitatea.net\/stiri\/actual\/emmanuel-macron-mesaj-despre-alegerile-din-romania-reactia-lui-victor-ponta_677d3cadc7a0ce7177516ff8\" target=\"_blank\">zicea Ponta.<\/a><\/p>","protected":false},"excerpt":{"rendered":"<p>Ponta spunea dup\u0103 primul mandat al lui republicanului c\u0103 se ajunsese la un \u201enivel insuportabil\u201d&hellip;<\/p>\n","protected":false},"author":0,"featured_media":22684,"comment_status":"open","ping_status":"open","sticky":false,"template":"","format":"standard","meta":{"footnotes":""},"categories":[3],"tags":[],"class_list":["post-22683","post","type-post","status-publish","format-standard","has-post-thumbnail","hentry","category-politica"],"_links":{"self":[{"href":"https:\/\/247stiri.ro\/index.php\/wp-json\/wp\/v2\/posts\/22683","targetHints":{"allow":["GET"]}}],"collection":[{"href":"https:\/\/247stiri.ro\/index.php\/wp-json\/wp\/v2\/posts"}],"about":[{"href":"https:\/\/247stiri.ro\/index.php\/wp-json\/wp\/v2\/types\/post"}],"replies":[{"embeddable":true,"href":"https:\/\/247stiri.ro\/index.php\/wp-json\/wp\/v2\/comments?post=22683"}],"version-history":[{"count":0,"href":"https:\/\/247stiri.ro\/index.php\/wp-json\/wp\/v2\/posts\/22683\/revisions"}],"wp:featuredmedia":[{"embeddable":true,"href":"https:\/\/247stiri.ro\/index.php\/wp-json\/wp\/v2\/media\/22684"}],"wp:attachment":[{"href":"https:\/\/247stiri.ro\/index.php\/wp-json\/wp\/v2\/media?parent=22683"}],"wp:term":[{"taxonomy":"category","embeddable":true,"href":"https:\/\/247stiri.ro\/index.php\/wp-json\/wp\/v2\/categories?post=22683"},{"taxonomy":"post_tag","embeddable":true,"href":"https:\/\/247stiri.ro\/index.php\/wp-json\/wp\/v2\/tags?post=22683"}],"curies":[{"name":"wp","href":"https:\/\/api.w.org\/{rel}","templated":true}]}}