{"id":227,"date":"2024-10-20T08:38:16","date_gmt":"2024-10-20T08:38:16","guid":{"rendered":"https:\/\/247stiri.ro\/index.php\/2024\/10\/20\/de-ce-ne-cade-cel-mai-mult-par-in-anotimpul-toamna-medicii-vin-cu-sfaturi-esentiale-cat-de-utila-este-cafeaua-in-combaterea-caderii\/"},"modified":"2024-10-20T08:38:16","modified_gmt":"2024-10-20T08:38:16","slug":"de-ce-ne-cade-cel-mai-mult-par-in-anotimpul-toamna-medicii-vin-cu-sfaturi-esentiale-cat-de-utila-este-cafeaua-in-combaterea-caderii","status":"publish","type":"post","link":"https:\/\/247stiri.ro\/index.php\/2024\/10\/20\/de-ce-ne-cade-cel-mai-mult-par-in-anotimpul-toamna-medicii-vin-cu-sfaturi-esentiale-cat-de-utila-este-cafeaua-in-combaterea-caderii\/","title":{"rendered":"De ce ne cade cel mai mult p\u0103r \u00een anotimpul toamna? Medicii vin cu sfaturi esen\u021biale. C\u00e2t de util\u0103 este cafeaua \u00een combaterea c\u0103derii"},"content":{"rendered":"<p>Acest lucru este obi\u0219nuit \u00een lunile de toamn\u0103, afect\u00e2nd at\u00e2t femeile, c\u00e2t \u0219i b\u0103rba\u021bii. \u00cen aceast\u0103 perioad\u0103, mul\u021bi oameni observ\u0103 o cantitate mai mare de fire de p\u0103r pe perie sau \u00een du\u0219, fapt care poate crea \u00eengrijorare.<\/p>\n<p>Sfaturi de la medici \u00eempotriva c\u0103derii p\u0103rului<\/p>\n<p>Cu toate acestea, un truc simplu, recomandat de medici, poate ajuta la <a href=\"https:\/\/www.realitatea.net\/stiri\/actual\/cinci-motive-pentru-care-albesti-mai-devreme-unele-boli-autoimune-se-numara-printre-ele_670436df67f57b6f58368238\" target=\"_blank\" rel=\"noopener\">diminuarea c\u0103derii excesive a p\u0103rului.<\/a> Potrivit unui studiu realizat de Medihair, citat de Adev\u0103rul, ad\u0103ugarea cafelei m\u0103cinate \u00een \u0219amponul obi\u0219nuit poate fi o solu\u021bie accesibil\u0103 \u0219i eficient\u0103 pentru \u00eent\u0103rirea firului de p\u0103r \u0219i stimularea cre\u0219terii acestuia. Cafeaua, un ingredient natural, ajut\u0103 la \u00eembun\u0103t\u0103\u021birea circula\u021biei sanguine la nivelul scalpului, permi\u021b\u00e2nd foliculilor de p\u0103r s\u0103 primeasc\u0103 mai mul\u021bi nutrien\u021bi \u0219i oxigen. Astfel, p\u0103rul devine mai rezistent, iar cre\u0219terea acestuia este favorizat\u0103.<\/p>\n<p>Tot ce trebuie s\u0103 faci este s\u0103 adaugi o lingur\u0103 de cafea m\u0103cinat\u0103 \u00een \u0219amponul t\u0103u obi\u0219nuit \u0219i s\u0103 masezi delicat scalpul timp de c\u00e2teva minute \u00eenainte de a cl\u0103ti. Fiind o solu\u021bie natural\u0103, acest truc este bl\u00e2nd cu scalpul \u0219i nu implic\u0103 utilizarea unor produse chimice agresive. Astfel, nu doar c\u0103 po\u021bi <a href=\"https:\/\/www.realitatea.net\/stiri\/actual\/ce-trebuie-sa%20stii%20daca%20ai%20probleme%20cu%20caderea%20parului.%20solutii%20care%20impiedica%20pierderea%20podoabei%20capilare_66fe516071b22940cf68aa13\" target=\"_blank\" rel=\"noopener\">reduce c\u0103derea p\u0103rului<\/a>, dar \u0219i contribui la revitalizarea podoabei capilare.<\/p>\n<p>Aceast\u0103 solu\u021bie economic\u0103 \u0219i la \u00eendem\u00e2n\u0103 poate fi \u00eencercat\u0103 de oricine dore\u0219te s\u0103 lupte \u00eempotriva c\u0103derii p\u0103rului toamna \u0219i s\u0103 sus\u021bin\u0103 o cre\u0219tere s\u0103n\u0103toas\u0103 a acestuia.<\/p>","protected":false},"excerpt":{"rendered":"<p>Acest lucru este obi\u0219nuit \u00een lunile de toamn\u0103, afect\u00e2nd at\u00e2t femeile, c\u00e2t \u0219i b\u0103rba\u021bii. \u00cen&hellip;<\/p>\n","protected":false},"author":0,"featured_media":228,"comment_status":"open","ping_status":"open","sticky":false,"template":"","format":"standard","meta":{"footnotes":""},"categories":[8],"tags":[],"class_list":["post-227","post","type-post","status-publish","format-standard","has-post-thumbnail","hentry","category-lifestyle"],"_links":{"self":[{"href":"https:\/\/247stiri.ro\/index.php\/wp-json\/wp\/v2\/posts\/227","targetHints":{"allow":["GET"]}}],"collection":[{"href":"https:\/\/247stiri.ro\/index.php\/wp-json\/wp\/v2\/posts"}],"about":[{"href":"https:\/\/247stiri.ro\/index.php\/wp-json\/wp\/v2\/types\/post"}],"replies":[{"embeddable":true,"href":"https:\/\/247stiri.ro\/index.php\/wp-json\/wp\/v2\/comments?post=227"}],"version-history":[{"count":0,"href":"https:\/\/247stiri.ro\/index.php\/wp-json\/wp\/v2\/posts\/227\/revisions"}],"wp:featuredmedia":[{"embeddable":true,"href":"https:\/\/247stiri.ro\/index.php\/wp-json\/wp\/v2\/media\/228"}],"wp:attachment":[{"href":"https:\/\/247stiri.ro\/index.php\/wp-json\/wp\/v2\/media?parent=227"}],"wp:term":[{"taxonomy":"category","embeddable":true,"href":"https:\/\/247stiri.ro\/index.php\/wp-json\/wp\/v2\/categories?post=227"},{"taxonomy":"post_tag","embeddable":true,"href":"https:\/\/247stiri.ro\/index.php\/wp-json\/wp\/v2\/tags?post=227"}],"curies":[{"name":"wp","href":"https:\/\/api.w.org\/{rel}","templated":true}]}}