{"id":22722,"date":"2025-01-09T10:46:13","date_gmt":"2025-01-09T10:46:13","guid":{"rendered":"https:\/\/247stiri.ro\/index.php\/2025\/01\/09\/victor-ponta-spera-ca-marcel-ciolacu-nu-va-candida-din-nou-la-presedintie\/"},"modified":"2025-01-09T10:46:13","modified_gmt":"2025-01-09T10:46:13","slug":"victor-ponta-spera-ca-marcel-ciolacu-nu-va-candida-din-nou-la-presedintie","status":"publish","type":"post","link":"https:\/\/247stiri.ro\/index.php\/2025\/01\/09\/victor-ponta-spera-ca-marcel-ciolacu-nu-va-candida-din-nou-la-presedintie\/","title":{"rendered":"Victor Ponta sper\u0103 c\u0103 Marcel Ciolacu nu va candida din nou la pre\u0219edin\u021bie"},"content":{"rendered":"<p>\u00cen declara\u021bia sa, Victor Ponta subliniaz\u0103 c\u0103 \u00eei este loial lui Marcel Ciolacu \u0219i c\u0103 \u00eel va sus\u021bine \u00een cazul \u00een care va candida din nou. Cu toate acestea, spune c\u0103 \u201esper\u0103 s\u0103 nu candideze\u201d. Ponta \u00ee\u0219i justific\u0103 opinia prin prisma faptului c\u0103, spune el, premierii \u00een func\u021bie sunt vulnerabili la atacuri.<\/p>\n<p>Pe de alt\u0103 parte, fostul \u0219ef al social-democra\u021bilor este de p\u0103rere c\u0103 func\u021bia de prim-ministru este cea mai potrivit\u0103 pentru PSD \u0219i c\u0103 ar trebui ca actuala coali\u021bie s\u0103 func\u021bioneze \u00een continuare sub aceea\u0219i form\u0103. \u201eE foarte important ca viitorul pre\u0219edinte s\u0103 lucreze cu coali\u021bia guvernamental\u0103\u201d, transmite Ponta.\u00a0<\/p>","protected":false},"excerpt":{"rendered":"<p>\u00cen declara\u021bia sa, Victor Ponta subliniaz\u0103 c\u0103 \u00eei este loial lui Marcel Ciolacu \u0219i c\u0103&hellip;<\/p>\n","protected":false},"author":0,"featured_media":22715,"comment_status":"open","ping_status":"open","sticky":false,"template":"","format":"standard","meta":{"footnotes":""},"categories":[2],"tags":[],"class_list":["post-22722","post","type-post","status-publish","format-standard","has-post-thumbnail","hentry","category-actual"],"_links":{"self":[{"href":"https:\/\/247stiri.ro\/index.php\/wp-json\/wp\/v2\/posts\/22722","targetHints":{"allow":["GET"]}}],"collection":[{"href":"https:\/\/247stiri.ro\/index.php\/wp-json\/wp\/v2\/posts"}],"about":[{"href":"https:\/\/247stiri.ro\/index.php\/wp-json\/wp\/v2\/types\/post"}],"replies":[{"embeddable":true,"href":"https:\/\/247stiri.ro\/index.php\/wp-json\/wp\/v2\/comments?post=22722"}],"version-history":[{"count":0,"href":"https:\/\/247stiri.ro\/index.php\/wp-json\/wp\/v2\/posts\/22722\/revisions"}],"wp:featuredmedia":[{"embeddable":true,"href":"https:\/\/247stiri.ro\/index.php\/wp-json\/wp\/v2\/media\/22715"}],"wp:attachment":[{"href":"https:\/\/247stiri.ro\/index.php\/wp-json\/wp\/v2\/media?parent=22722"}],"wp:term":[{"taxonomy":"category","embeddable":true,"href":"https:\/\/247stiri.ro\/index.php\/wp-json\/wp\/v2\/categories?post=22722"},{"taxonomy":"post_tag","embeddable":true,"href":"https:\/\/247stiri.ro\/index.php\/wp-json\/wp\/v2\/tags?post=22722"}],"curies":[{"name":"wp","href":"https:\/\/api.w.org\/{rel}","templated":true}]}}