{"id":22725,"date":"2025-01-09T10:46:13","date_gmt":"2025-01-09T10:46:13","guid":{"rendered":"https:\/\/247stiri.ro\/index.php\/2025\/01\/09\/barbat-gasit-mort-intr-o-prapastie-din-spatele-casei-in-judetul-dolj-victima-ar-fi-cazut-ce-le-a-spus-fiica-sa-politistilor\/"},"modified":"2025-01-09T10:46:13","modified_gmt":"2025-01-09T10:46:13","slug":"barbat-gasit-mort-intr-o-prapastie-din-spatele-casei-in-judetul-dolj-victima-ar-fi-cazut-ce-le-a-spus-fiica-sa-politistilor","status":"publish","type":"post","link":"https:\/\/247stiri.ro\/index.php\/2025\/01\/09\/barbat-gasit-mort-intr-o-prapastie-din-spatele-casei-in-judetul-dolj-victima-ar-fi-cazut-ce-le-a-spus-fiica-sa-politistilor\/","title":{"rendered":"B\u0103rbat g\u0103sit MORT \u00eentr-o pr\u0103pastie din spatele casei, \u00een jude\u021bul Dolj. Victima ar fi c\u0103zut: ce le-a spus fiica sa poli\u021bi\u0219tilor"},"content":{"rendered":"<p>Poli\u0163i\u015ftii au fost sesiza\u0163i de o femeie de 40 de ani din Calafat, satul Basarabi, cu privire la faptul c\u0103 tat\u0103l s\u0103u, \u00een v\u00e2rst\u0103 de 69 de ani, ar fi c\u0103zut \u00een pr\u0103pastia din spatele locuin\u0163ei comune.\u00a0<\/p>\n<p><a href=\"https:\/\/www.realitatea.net\/stiri\/actual\/adolescent-de-18-ani-gasit-spanzurat-de-un-copac-in-tulcea_677f7782044b864545432b52\" target=\"_blank\">Adolescent de 18 ani, g\u0103sit sp\u00e2nzurat de un copac, \u00een Tulcea! Motivul pentru care t\u00e2n\u0103rul a recurs la cumplitul gest este necunoscut<\/a><\/p>\n<p>\u201dLa fa\u0163a locului s-au deplasat poli\u0163i\u015ftii, b\u0103rbatul \u00een cauz\u0103 fiind g\u0103sit \u00een pr\u0103pastia din spatele locuin\u0163ei, la o distan\u0163\u0103 de aproximativ 30 de metri. Din nefericire, b\u0103rbatul nu prezenta semne vitale\u201d, au transmis, joi, reprezentan\u0163ii IPJ Dolj.\u00a0\u00cen cauz\u0103 a fost deschis dosar penal pentru ucidere din culp\u0103. Cercet\u0103rile continu\u0103 pentru a stabili \u00eemprejur\u0103rile \u00een care s-a produs evenimentul.<\/p>","protected":false},"excerpt":{"rendered":"<p>Poli\u0163i\u015ftii au fost sesiza\u0163i de o femeie de 40 de ani din Calafat, satul Basarabi,&hellip;<\/p>\n","protected":false},"author":0,"featured_media":22726,"comment_status":"open","ping_status":"open","sticky":false,"template":"","format":"standard","meta":{"footnotes":""},"categories":[2],"tags":[],"class_list":["post-22725","post","type-post","status-publish","format-standard","has-post-thumbnail","hentry","category-actual"],"_links":{"self":[{"href":"https:\/\/247stiri.ro\/index.php\/wp-json\/wp\/v2\/posts\/22725","targetHints":{"allow":["GET"]}}],"collection":[{"href":"https:\/\/247stiri.ro\/index.php\/wp-json\/wp\/v2\/posts"}],"about":[{"href":"https:\/\/247stiri.ro\/index.php\/wp-json\/wp\/v2\/types\/post"}],"replies":[{"embeddable":true,"href":"https:\/\/247stiri.ro\/index.php\/wp-json\/wp\/v2\/comments?post=22725"}],"version-history":[{"count":0,"href":"https:\/\/247stiri.ro\/index.php\/wp-json\/wp\/v2\/posts\/22725\/revisions"}],"wp:featuredmedia":[{"embeddable":true,"href":"https:\/\/247stiri.ro\/index.php\/wp-json\/wp\/v2\/media\/22726"}],"wp:attachment":[{"href":"https:\/\/247stiri.ro\/index.php\/wp-json\/wp\/v2\/media?parent=22725"}],"wp:term":[{"taxonomy":"category","embeddable":true,"href":"https:\/\/247stiri.ro\/index.php\/wp-json\/wp\/v2\/categories?post=22725"},{"taxonomy":"post_tag","embeddable":true,"href":"https:\/\/247stiri.ro\/index.php\/wp-json\/wp\/v2\/tags?post=22725"}],"curies":[{"name":"wp","href":"https:\/\/api.w.org\/{rel}","templated":true}]}}