{"id":22731,"date":"2025-01-09T11:46:27","date_gmt":"2025-01-09T11:46:27","guid":{"rendered":"https:\/\/247stiri.ro\/index.php\/2025\/01\/09\/accident-pe-dn-25-o-ambulanta-a-fost-implicata-in-coliziune\/"},"modified":"2025-01-09T11:46:27","modified_gmt":"2025-01-09T11:46:27","slug":"accident-pe-dn-25-o-ambulanta-a-fost-implicata-in-coliziune","status":"publish","type":"post","link":"https:\/\/247stiri.ro\/index.php\/2025\/01\/09\/accident-pe-dn-25-o-ambulanta-a-fost-implicata-in-coliziune\/","title":{"rendered":"Accident pe DN 25: O ambulan\u021b\u0103 a fost implicat\u0103 \u00een coliziune"},"content":{"rendered":"<p>Ce spun autorit\u0103\u021bile<\/p>\n<p>Conform informa\u021biilor furnizate de Inspectoratul de Poli\u021bie Jude\u021bean (IPJ) Gala\u021bi, evenimentul a avut loc pe 8 ianuarie 2025. \u201eO autospecial\u0103 pentru transport pacien\u021bi, care apar\u021bine Spitalului Municipal din Tecuci, condus\u0103 de o femeie de 42 de ani din Tecuci, \u00een timp ce circula pe DN 25, dinspre Gala\u021bi c\u0103tre Tecuci, a p\u0103r\u0103sit partea carosabil\u0103 \u00een localitatea Barcea \u0219i a lovit un pode\u021b din beton de pe marginea drumului\u201d, a transmis IPJ Gala\u021bi.<\/p>\n<p>\u00cen urma impactului, un b\u0103rbat de 53 de ani, pasager pe scaunul din dreapta-fa\u021b\u0103 al ambulan\u021bei, a suferit r\u0103ni \u0219i a fost transportat la spital pentru \u00eengrijiri medicale.<\/p>\n<p>Investiga\u021biile preliminare realizate de poli\u021bi\u0219tii Serviciului Rutier Gala\u021bi indic\u0103 faptul c\u0103 neadaptarea vitezei la condi\u021biile de drum ar fi principala cauz\u0103 a accidentului. Conduc\u0103toarea autospecialei a fost testat\u0103 cu aparatul etilotest, rezultatul fiind negativ.<\/p>\n<p>\u00cen acest caz a fost deschis un dosar penal pentru v\u0103t\u0103mare corporal\u0103 din culp\u0103. Poli\u021bia continu\u0103 cercet\u0103rile pentru a stabili cu exactitate circumstan\u021bele \u00een care s-a produs accidentul.<\/p>","protected":false},"excerpt":{"rendered":"<p>Ce spun autorit\u0103\u021bile Conform informa\u021biilor furnizate de Inspectoratul de Poli\u021bie Jude\u021bean (IPJ) Gala\u021bi, evenimentul a&hellip;<\/p>\n","protected":false},"author":0,"featured_media":22732,"comment_status":"open","ping_status":"open","sticky":false,"template":"","format":"standard","meta":{"footnotes":""},"categories":[2],"tags":[],"class_list":["post-22731","post","type-post","status-publish","format-standard","has-post-thumbnail","hentry","category-actual"],"_links":{"self":[{"href":"https:\/\/247stiri.ro\/index.php\/wp-json\/wp\/v2\/posts\/22731","targetHints":{"allow":["GET"]}}],"collection":[{"href":"https:\/\/247stiri.ro\/index.php\/wp-json\/wp\/v2\/posts"}],"about":[{"href":"https:\/\/247stiri.ro\/index.php\/wp-json\/wp\/v2\/types\/post"}],"replies":[{"embeddable":true,"href":"https:\/\/247stiri.ro\/index.php\/wp-json\/wp\/v2\/comments?post=22731"}],"version-history":[{"count":0,"href":"https:\/\/247stiri.ro\/index.php\/wp-json\/wp\/v2\/posts\/22731\/revisions"}],"wp:featuredmedia":[{"embeddable":true,"href":"https:\/\/247stiri.ro\/index.php\/wp-json\/wp\/v2\/media\/22732"}],"wp:attachment":[{"href":"https:\/\/247stiri.ro\/index.php\/wp-json\/wp\/v2\/media?parent=22731"}],"wp:term":[{"taxonomy":"category","embeddable":true,"href":"https:\/\/247stiri.ro\/index.php\/wp-json\/wp\/v2\/categories?post=22731"},{"taxonomy":"post_tag","embeddable":true,"href":"https:\/\/247stiri.ro\/index.php\/wp-json\/wp\/v2\/tags?post=22731"}],"curies":[{"name":"wp","href":"https:\/\/api.w.org\/{rel}","templated":true}]}}