{"id":22735,"date":"2025-01-09T11:46:28","date_gmt":"2025-01-09T11:46:28","guid":{"rendered":"https:\/\/247stiri.ro\/index.php\/2025\/01\/09\/protest-de-amploare-al-angajatilor-penitenciarului-de-la-mioveni-vineri-in-parcarea-institutiei-ce-revendicari-au-oamenii\/"},"modified":"2025-01-09T11:46:28","modified_gmt":"2025-01-09T11:46:28","slug":"protest-de-amploare-al-angajatilor-penitenciarului-de-la-mioveni-vineri-in-parcarea-institutiei-ce-revendicari-au-oamenii","status":"publish","type":"post","link":"https:\/\/247stiri.ro\/index.php\/2025\/01\/09\/protest-de-amploare-al-angajatilor-penitenciarului-de-la-mioveni-vineri-in-parcarea-institutiei-ce-revendicari-au-oamenii\/","title":{"rendered":"Protest de amploare al angaja\u021bilor Penitenciarului de la Mioveni, vineri, \u00een parcarea institu\u021biei. Ce REVENDIC\u0102RI au oamenii"},"content":{"rendered":"<p>\u201dSindicatul Alian\u0163a Mioveni \u015fi Dreptatea 2010, organiza\u0163ii sindicale de la nivelul Penitenciarului Mioveni \u015fi Spitalului Penitenciar Mioveni, organizeaz\u0103 un protest care va avea loc m\u00e2ine, 10 ianuarie 2025. Manifesta\u0163ia, organizat\u0103 \u00een parcarea Penitenciarului Mioveni, va avea loc \u00een intervalul orar 7.30-12.30 \u015fi vor participa aproximativ 100 de poli\u0163i\u015fti de penitenciare. Manifestarea va fi una pa\u015fnic\u0103 \u015fi civilizat\u0103\u201d, au transmis joi, reprezentan\u021bii celor dou\u0103 sindicate.\u00a0Principalele revendic\u0103ri ale protestatarilor sunt legate de aplicarea integral\u0103 a Legii cadru nr. 153\/2017 privind salarizarea personalului pl\u0103tit din fonduri publice, inclusiv pentru familia ocupa\u0163ional\u0103 \u201dAp\u0103rare, Ordine Public\u0103 \u015fi Siguran\u0163a Na\u0163ional\u0103\u201d, men\u0163inerea \u00een plat\u0103 a drepturilor salariale referitoare la majorarea pentru munca suplimentar\u0103, precum \u015fi pentru munca desf\u0103\u015furat\u0103 \u00een zilele de repaus s\u0103pt\u0103m\u00e2nal, s\u0103rb\u0103tori legale sau alte zile nelucr\u0103toare, conform legisla\u0163iei \u00een vigoare, excluderea plafon\u0103rilor \u00een ceea ce prive\u015fte norma de hran\u0103 \u015fi cea de echipare.\u00a0\u00a0Sindicali\u015ftii solicit\u0103, totodat\u0103, implementarea prevederilor Legii pensiilor militare, \u00een conformitate cu modific\u0103rile legislative aprobate de Senatul Rom\u00e2niei \u00een noiembrie 2024, actualizarea \u015fi indexarea pensiilor militare, \u00eencep\u00e2nd cu luna ianuarie a anului 2025, plata voucherelor de vacan\u0163\u0103 la nivelul anului 2024 \u015fi a sporurilor prev\u0103zute de OUG nr 26\/2024.\u00a0\u00cen plus, poli\u0163i\u015ftii de penitenciare cer Guvernului \u201daprobarea celor 1.600 de posturi convenite cu prim-ministrul Rom\u00e2niei \u00een ianuarie 2024 \u015fi deblocarea posturilor vacante, pentru a permite ocuparea acestora prin concurs \u015fi desf\u0103\u015furarea activit\u0103\u0163ii \u00een condi\u0163ii de siguran\u0163\u0103\u201d.\u00a0Proteste au fost anun\u0163ate \u015fi la alte unit\u0103\u0163i de deten\u0163ie din \u0163ar\u0103. Totul va culmina \u00eens\u0103 cu un protest comun, programat s\u0103 aib\u0103 loc \u00een 17 ianuarie. Protestatarii se vor aduna \u00een Pia\u0163a Constitu\u0163iei din Capital\u0103, apoi vor porni, \u00een mar\u015f, spre Ministerul Finan\u0163elor Publice, Ministerul Justi\u0163iei, Ministerul Afacerilor Interne \u015fi Guvern.<\/p>","protected":false},"excerpt":{"rendered":"<p>\u201dSindicatul Alian\u0163a Mioveni \u015fi Dreptatea 2010, organiza\u0163ii sindicale de la nivelul Penitenciarului Mioveni \u015fi Spitalului&hellip;<\/p>\n","protected":false},"author":0,"featured_media":22736,"comment_status":"open","ping_status":"open","sticky":false,"template":"","format":"standard","meta":{"footnotes":""},"categories":[2],"tags":[],"class_list":["post-22735","post","type-post","status-publish","format-standard","has-post-thumbnail","hentry","category-actual"],"_links":{"self":[{"href":"https:\/\/247stiri.ro\/index.php\/wp-json\/wp\/v2\/posts\/22735","targetHints":{"allow":["GET"]}}],"collection":[{"href":"https:\/\/247stiri.ro\/index.php\/wp-json\/wp\/v2\/posts"}],"about":[{"href":"https:\/\/247stiri.ro\/index.php\/wp-json\/wp\/v2\/types\/post"}],"replies":[{"embeddable":true,"href":"https:\/\/247stiri.ro\/index.php\/wp-json\/wp\/v2\/comments?post=22735"}],"version-history":[{"count":0,"href":"https:\/\/247stiri.ro\/index.php\/wp-json\/wp\/v2\/posts\/22735\/revisions"}],"wp:featuredmedia":[{"embeddable":true,"href":"https:\/\/247stiri.ro\/index.php\/wp-json\/wp\/v2\/media\/22736"}],"wp:attachment":[{"href":"https:\/\/247stiri.ro\/index.php\/wp-json\/wp\/v2\/media?parent=22735"}],"wp:term":[{"taxonomy":"category","embeddable":true,"href":"https:\/\/247stiri.ro\/index.php\/wp-json\/wp\/v2\/categories?post=22735"},{"taxonomy":"post_tag","embeddable":true,"href":"https:\/\/247stiri.ro\/index.php\/wp-json\/wp\/v2\/tags?post=22735"}],"curies":[{"name":"wp","href":"https:\/\/api.w.org\/{rel}","templated":true}]}}