{"id":22737,"date":"2025-01-09T11:46:29","date_gmt":"2025-01-09T11:46:29","guid":{"rendered":"https:\/\/247stiri.ro\/index.php\/2025\/01\/09\/ministrii-mediului-si-energiei-demonteaza-un-fake-news-despre-demolarea-barajelor-din-romania-despre-ce-este-vorba-in-proiectul-de-act-normativ-de-fapt\/"},"modified":"2025-01-09T11:46:29","modified_gmt":"2025-01-09T11:46:29","slug":"ministrii-mediului-si-energiei-demonteaza-un-fake-news-despre-demolarea-barajelor-din-romania-despre-ce-este-vorba-in-proiectul-de-act-normativ-de-fapt","status":"publish","type":"post","link":"https:\/\/247stiri.ro\/index.php\/2025\/01\/09\/ministrii-mediului-si-energiei-demonteaza-un-fake-news-despre-demolarea-barajelor-din-romania-despre-ce-este-vorba-in-proiectul-de-act-normativ-de-fapt\/","title":{"rendered":"Mini\u015ftrii Mediului \u015fi Energiei demonteaz\u0103 un Fake News despre demolarea barajelor din Rom\u00e2nia. Despre ce este vorba \u00een proiectul de act normativ, de fapt"},"content":{"rendered":"<p>\u201dMinistrul Mediului, Apelor \u015fi P\u0103durilor, Mircea Fechet, \u015fi ministrul Energiei, Sebastian-Ioan Burduja, au depus o sesizare penal\u0103 la Direc\u0163ia de Investigare a Infrac\u0163iunilor de Criminalitate Organizat\u0103 \u015fi Terorism (DIICOT) \u00eempotriva unor persoane care au diseminat \u00een mod inten\u0163ionat informa\u0163ii false, prin canale de pres\u0103 online \u015fi re\u0163ele sociale, referitoare la presupusa demolare a barajelor din Rom\u00e2nia. Aceast\u0103 ac\u0163iune vizeaz\u0103 protejarea interesului na\u0163ional, contracararea campaniilor de dezinformare \u015fi sanc\u0163ionarea celor care, prin astfel de ac\u0163iuni, afecteaz\u0103 securitatea na\u0163ional\u0103\u201d, se arat\u0103 \u00eentr-un comunicat de pres\u0103 transmis, joi, de Ministerul Mediului.<\/p>\n<p>Sesizarea s-a formulat cu privire la s\u0103v\u00e2r\u015firea infrac\u0163iunii de comunicare de informa\u0163ii false prev\u0103zut\u0103 de art. 404 Cod Penal pin raportare la amenin\u0163\u0103rile la adresa securit\u0103\u0163ii na\u0163ionale prev\u0103zute de art. 3 lit. f), m), o) \u015fi p) din Legea nr. 51\/1991 privind securitatea na\u0163ional\u0103 a Rom\u00e2niei.\u00a0<\/p>\n<p>\u201dSesizarea penal\u0103 vine ca urmare a unor \u015ftiri false, publicate \u00eencep\u00e2nd cu data de 6 ianuarie 2025, care pretindeau c\u0103 Ministerul Mediului, Apelor \u015fi P\u0103durilor a emis un ordin prin care se prevede demolarea barajelor, inclusiv a celor cu rol hidroenergetic, ca urmare a unor presupuse directive \u015fi regulamente europene. \u00cen plus, aceste informa\u0163ii au fost amplificate pe re\u0163elele sociale de diver\u015fi utilizatori, ceea ce a generat panic\u0103 \u015fi confuzie \u00een r\u00e2ndul opiniei publice. \u00cen realitate, proiectul de Ordin NTLH-033 reglementeaz\u0103 exclusiv gestionarea barajelor ie\u015fite din uz, f\u0103r\u0103 a afecta barajele hidroenergetice sau alte infrastructuri strategice\u201d, scrie \u00een comunicat.<\/p>\n<p>Potrivit Ministerului Mediului, proiectul de Ordin supus dezbaterii publice \u00een decembrie 2024 are scopul de a asigura o gestionare eficient\u0103 \u015fi sigur\u0103 a barajelor care nu mai sunt utilizate, prin proceduri de conservare, postutilizare sau, \u00een cazuri excep\u0163ionale, abandonare, f\u0103r\u0103 a prevedea demolarea construc\u0163iilor func\u0163ionale. Acest proiect respect\u0103 legisla\u0163ia na\u0163ional\u0103 \u015fi nu are leg\u0103tur\u0103 cu reglement\u0103rile europene invocate eronat \u00een articolele de pres\u0103.<\/p>\n<p><a title=\"Romanii isi vor putea recicla hainele. Ce spune ministrul Mediului despre noua lege\" href=\"https:\/\/www.realitatea.net\/stiri\/actual\/romanii-iisi-vor-putea-recicla-hainele-ce-spune-ministrul-mediului-despre-noua-lege_6778fb572d3702096b05c843\">Rom\u00e2nii \u00ee\u0219i vor putea recicla hainele. Ce spune ministrul Mediului despre noua lege<\/a><\/p>\n<p>\u201dMai mult dec\u00e2t at\u00e2t, proiectul reprezint\u0103 o actualizare succint\u0103 \u015fi tehnic\u0103 a Ordinului nr. 119\/2002, care a reglementat acela\u015fi domeniu \u00een ultimele dou\u0103 decenii. \u00cen aceast\u0103 perioad\u0103, nu a existat nicio situa\u0163ie \u00een care baraje s\u0103 fi fost demolate arbitrar sau f\u0103r\u0103 justificare tehnic\u0103 \u015fi legal\u0103. Astfel, continuitatea reglement\u0103rilor na\u0163ionale \u015fi lipsa unor modific\u0103ri substan\u0163iale contrazic ferm orice specula\u0163ie referitoare la demolarea barajelor\u201d, se mai arat\u0103 \u00een document.<\/p>\n<p>Cei doi mini\u0219tri subliniaz\u0103 c\u0103 nu se va demola niciun baraj hidroenergetic din Rom\u00e2nia \u0219i c\u0103 toate informa\u021biile difuzate \u00een aceast\u0103 privin\u021b\u0103 sunt nefondate. \u00cen aceast\u0103 lumin\u0103, ac\u021biunile legale ini\u021biate \u00eempotriva celor care au r\u0103sp\u00e2ndit aceste informa\u021bii false eviden\u021biaz\u0103 angajamentul ferm al Guvernului Rom\u00e2niei de a proteja securitatea na\u021bional\u0103 \u0219i de a garanta o informare corect\u0103 a cet\u0103\u021benilor.<\/p>\n<p>\u201dBarajele sunt infrastructuri esen\u0163iale pentru securitatea na\u0163ional\u0103 \u015fi pentru protec\u0163ia popula\u0163iei \u00eempotriva riscurilor precum inunda\u0163iile. \u00cen calitate de ministru al Mediului, resping ferm orice tentativ\u0103 de manipulare a opiniei publice prin diseminarea de \u015ftiri false. Aceste campanii de dezinformare sunt nu doar o insult\u0103 la adresa autorit\u0103\u0163ilor, ci \u015fi o amenin\u0163are direct\u0103 la adresa stabilit\u0103\u0163ii \u0163\u0103rii noastre. Fanii unor lideri populi\u015fti nu vor reu\u015fi s\u0103 intoxice poporul rom\u00e2n cu minciuni. De fiecare dat\u0103 vom r\u0103spunde prompt, prin mijloace legale, pentru a proteja interesul public \u015fi integritatea institu\u0163iilor statului\u201d, a declarat Mircea Fechet, ministrul Mediului.<\/p>\n<p>La r\u00e2ndul s\u0103u, ministrul Energiei, Sebastian-Ioan Burduja, a afirmat:\u00a0\u201dHidroenergia este unul dintre pilonii securit\u0103\u0163ii energetice ai Rom\u00e2niei, iar barajele joac\u0103 un rol vital \u00een men\u0163inerea stabilit\u0103\u0163ii sistemului nostru energetic \u015fi \u00een protec\u0163ia \u00eempotriva inunda\u0163iilor. Fiecare zvon fals, diseminat de indivizi iresponsabili, nu face altceva dec\u00e2t s\u0103 sl\u0103beasc\u0103 \u00eencrederea popula\u0163iei \u00een autorit\u0103\u0163i \u015fi s\u0103 alimenteze tensiunile sociale. Ace\u015fti propagatori de fake news trebuie s\u0103 \u00een\u0163eleag\u0103 c\u0103 nu vom tolera asemenea atacuri la adresa Rom\u00e2niei. Securitatea na\u0163ional\u0103 \u015fi energia pentru cet\u0103\u0163eni vor fi mereu ap\u0103rate cu fermitate. A\u015fa cum am colaborat excelent cu ministrul Fechet pentru deblocarea \u015fi accelerarea investi\u0163iilor \u00een hidrocentralele \u00eencepute \u00eenainte de 1989, a\u015fa facem echip\u0103 \u015fi pentru combaterea \u015ftirilor false \u015fi sanc\u0163ionarea celor care le propag\u0103, la comanda celor care nu doresc ca Rom\u00e2nia s\u0103 aib\u0103 energie sigur\u0103, accesibil\u0103 \u015fi curat\u0103, produs\u0103 aici, \u00een \u0163ara noastr\u0103\u201d.<\/p>\n<p><a title=\"Burduja ii linisteste pe romani: doar 1% din gazele din Marea Neagra vor fi vandute Germaniei\" href=\"https:\/\/www.realitatea.net\/stiri\/actual\/burduja-ii-asigura-pe-romani-ca-doar-1-din-gazele-din-marea-neagra-vor-fi-vandute-germaniei_677e8be094d873588c0a1a05\">Burduja \u00eei lini\u0219te\u0219te pe rom\u00e2ni: doar 1% din gazele din Marea Neagr\u0103 vor fi v\u00e2ndute Germaniei<\/a><\/p>","protected":false},"excerpt":{"rendered":"<p>\u201dMinistrul Mediului, Apelor \u015fi P\u0103durilor, Mircea Fechet, \u015fi ministrul Energiei, Sebastian-Ioan Burduja, au depus o&hellip;<\/p>\n","protected":false},"author":0,"featured_media":22738,"comment_status":"open","ping_status":"open","sticky":false,"template":"","format":"standard","meta":{"footnotes":""},"categories":[2],"tags":[],"class_list":["post-22737","post","type-post","status-publish","format-standard","has-post-thumbnail","hentry","category-actual"],"_links":{"self":[{"href":"https:\/\/247stiri.ro\/index.php\/wp-json\/wp\/v2\/posts\/22737","targetHints":{"allow":["GET"]}}],"collection":[{"href":"https:\/\/247stiri.ro\/index.php\/wp-json\/wp\/v2\/posts"}],"about":[{"href":"https:\/\/247stiri.ro\/index.php\/wp-json\/wp\/v2\/types\/post"}],"replies":[{"embeddable":true,"href":"https:\/\/247stiri.ro\/index.php\/wp-json\/wp\/v2\/comments?post=22737"}],"version-history":[{"count":0,"href":"https:\/\/247stiri.ro\/index.php\/wp-json\/wp\/v2\/posts\/22737\/revisions"}],"wp:featuredmedia":[{"embeddable":true,"href":"https:\/\/247stiri.ro\/index.php\/wp-json\/wp\/v2\/media\/22738"}],"wp:attachment":[{"href":"https:\/\/247stiri.ro\/index.php\/wp-json\/wp\/v2\/media?parent=22737"}],"wp:term":[{"taxonomy":"category","embeddable":true,"href":"https:\/\/247stiri.ro\/index.php\/wp-json\/wp\/v2\/categories?post=22737"},{"taxonomy":"post_tag","embeddable":true,"href":"https:\/\/247stiri.ro\/index.php\/wp-json\/wp\/v2\/tags?post=22737"}],"curies":[{"name":"wp","href":"https:\/\/api.w.org\/{rel}","templated":true}]}}