{"id":22771,"date":"2025-01-09T12:46:01","date_gmt":"2025-01-09T12:46:01","guid":{"rendered":"https:\/\/247stiri.ro\/index.php\/2025\/01\/09\/un-elev-de-14-ani-a-fost-injunghiat-cu-cutitul-de-un-coleg-de-clasa-incident-socant-intr-o-scoala-din-gorj\/"},"modified":"2025-01-09T12:46:01","modified_gmt":"2025-01-09T12:46:01","slug":"un-elev-de-14-ani-a-fost-injunghiat-cu-cutitul-de-un-coleg-de-clasa-incident-socant-intr-o-scoala-din-gorj","status":"publish","type":"post","link":"https:\/\/247stiri.ro\/index.php\/2025\/01\/09\/un-elev-de-14-ani-a-fost-injunghiat-cu-cutitul-de-un-coleg-de-clasa-incident-socant-intr-o-scoala-din-gorj\/","title":{"rendered":"Un elev de 14 ani a fost \u00eenjunghiat cu cu\u021bitul de un coleg de clas\u0103! Incident \u0219ocant \u00eentr-o \u0219coal\u0103 din Gorj"},"content":{"rendered":"<p>\u201dLa data de 9 ianuarie 2025, poli\u0163i\u015fti din cadrul Poli\u0163iei Municipiului T\u00e2rgu Jiu au fost sesiza\u0163i prin apel 112 cu privire la o agresiune \u00een incinta unei institu\u0163ii de \u00eenv\u0103\u0163\u0103m\u00e2nt din municipiul T\u00e2rgu Jiu.\u00a0Din primele verific\u0103ri efectuate de poli\u0163i\u015ftii ajun\u015fi la fa\u0163a locului, a reie\u015fit faptul c\u0103, \u00een jurul orei 11:35, \u00een timpul pauzei dintre orele de curs, \u00een urma unui conflict spontan, un elev, \u00een v\u00e2rst\u0103 de 14 ani, ar fi \u00eenjunghiat cu un cu\u0163it \u00een zona um\u0103rului st\u00e2ng un alt coleg de clas\u0103, \u00een v\u00e2rst\u0103 de 14 ani, ambii din T\u00e2rgu Jiu, elevi ai clasei a VIII-a\u201d, au anun\u021bat, joi, poli\u021bi\u0219tii gorjeni.\u00a0Elevul r\u0103nit a fost dus la spital pentru a primi \u00eengrijiri medicale de specialitate.\u00a0\u00cen cauz\u0103 a fost deschis un dosar penal\u0103 penutru lovire sau alte violen\u0163e. Inspectoratul \u015ecolar Jude\u0163ean (ISJ) Gorj face, la r\u00e2ndul s\u0103u, verific\u0103ri \u00een urma incidentului.\u00a0\u201dEste un lucru absolut regretabil. \u00cen paralel cu ancheta Poli\u0163iei, vom demara \u015fi noi o anchet\u0103 intern\u0103. Faptele de violen\u0163\u0103 nu sunt tolerate sub nicio form\u0103\u201d, a declarat pentru News.ro inspectorul \u015fcolar Ionu\u0163 Catrina, de la ISJ Gorj.<a href=\"https:\/\/www.realitatea.net\/stiri\/actual\/romania-esuata-1-din-10-elevi-de-liceu-declara-ca-se-confrunta-des-cu-lipsa-mancarii-suficiente_677eaa983063f159b70bcf1c\" target=\"_blank\">Rom\u00e2nia e\u0219uat\u0103: 1 din 10 elevi de liceu declar\u0103 c\u0103 se confrunt\u0103 des cu lipsa m\u00e2nc\u0103rii suficiente<\/a><\/p>","protected":false},"excerpt":{"rendered":"<p>\u201dLa data de 9 ianuarie 2025, poli\u0163i\u015fti din cadrul Poli\u0163iei Municipiului T\u00e2rgu Jiu au fost&hellip;<\/p>\n","protected":false},"author":0,"featured_media":22772,"comment_status":"open","ping_status":"open","sticky":false,"template":"","format":"standard","meta":{"footnotes":""},"categories":[2],"tags":[],"class_list":["post-22771","post","type-post","status-publish","format-standard","has-post-thumbnail","hentry","category-actual"],"_links":{"self":[{"href":"https:\/\/247stiri.ro\/index.php\/wp-json\/wp\/v2\/posts\/22771","targetHints":{"allow":["GET"]}}],"collection":[{"href":"https:\/\/247stiri.ro\/index.php\/wp-json\/wp\/v2\/posts"}],"about":[{"href":"https:\/\/247stiri.ro\/index.php\/wp-json\/wp\/v2\/types\/post"}],"replies":[{"embeddable":true,"href":"https:\/\/247stiri.ro\/index.php\/wp-json\/wp\/v2\/comments?post=22771"}],"version-history":[{"count":0,"href":"https:\/\/247stiri.ro\/index.php\/wp-json\/wp\/v2\/posts\/22771\/revisions"}],"wp:featuredmedia":[{"embeddable":true,"href":"https:\/\/247stiri.ro\/index.php\/wp-json\/wp\/v2\/media\/22772"}],"wp:attachment":[{"href":"https:\/\/247stiri.ro\/index.php\/wp-json\/wp\/v2\/media?parent=22771"}],"wp:term":[{"taxonomy":"category","embeddable":true,"href":"https:\/\/247stiri.ro\/index.php\/wp-json\/wp\/v2\/categories?post=22771"},{"taxonomy":"post_tag","embeddable":true,"href":"https:\/\/247stiri.ro\/index.php\/wp-json\/wp\/v2\/tags?post=22771"}],"curies":[{"name":"wp","href":"https:\/\/api.w.org\/{rel}","templated":true}]}}