{"id":22824,"date":"2025-01-09T14:46:35","date_gmt":"2025-01-09T14:46:35","guid":{"rendered":"https:\/\/247stiri.ro\/index.php\/2025\/01\/09\/crin-antonescu-este-convins-ca-va-fi-validat-de-coalitia-psd-pnl-udmr-minoritati-nu-ma-simt-deloc-nesigur-sau-inconfortabil\/"},"modified":"2025-01-09T14:46:35","modified_gmt":"2025-01-09T14:46:35","slug":"crin-antonescu-este-convins-ca-va-fi-validat-de-coalitia-psd-pnl-udmr-minoritati-nu-ma-simt-deloc-nesigur-sau-inconfortabil","status":"publish","type":"post","link":"https:\/\/247stiri.ro\/index.php\/2025\/01\/09\/crin-antonescu-este-convins-ca-va-fi-validat-de-coalitia-psd-pnl-udmr-minoritati-nu-ma-simt-deloc-nesigur-sau-inconfortabil\/","title":{"rendered":"Crin Antonescu este convins c\u0103 va fi validat de coali\u021bia PSD-PNL-UDMR-minorit\u0103\u021bi: \u201eNu m\u0103 simt deloc nesigur sau inconfortabil\u201d"},"content":{"rendered":"<p>\u201dAm stabilit o dat\u0103 a alegerilor care \u00een\u0163eleg c\u0103 va fi formalizat\u0103 \u00een proxima \u015fedin\u0163\u0103 de guvern \u015fi, de asemenea, din discu\u0163iile pe care le-am avut \u015fi cu domnul prim-ministru \u015fi cu domnul pre\u015fedinte Bolojan, am \u00een\u0163eles c\u0103 \u00eentr-un calendar pe care l-au preg\u0103tit, undeva p\u00e2n\u0103 la sf\u00e2r\u015fitul lunii, \u00eenceputul lunii februarie, aceste decizii s\u0103 fie luate \u00een forurile partidelor\u201d, a spus Crin Antonescu, la un post de televiziune.<\/p>\n<p>Despre sondajele pe care partidele inten\u0163ioneaz\u0103 s\u0103 le fac\u0103, Crin Antonescu a precizat c\u0103 nu \u00eel deranjeaz\u0103 acest lucru.<\/p>\n<p>\u201dOrice s-a \u00eent\u00e2mpla, pe mine nu m\u0103 deranjeaz\u0103 sub nicio form\u0103 faptul c\u0103 d\u00e2n\u015fii fac sondaje. Eu a\u015ftept doar decizia pe care, cu sondaje, cu tot ceea ceea ce pot s\u0103 constituie elementele deciziei, s\u0103 o ia \u00een considerare \u015fi s\u0103 o ia la sorocul stabilit\u201d, a ad\u0103ugat Antonescu.<\/p>\n<p>Antonescu a men\u021bionat c\u0103 \u201e\u00eentotdeauna o decizie p\u00e2n\u0103 nu este luat\u0103 are mai multe variante\u201d.<\/p>\n<p>\u201dSe poate \u00eent\u00e2mpla orice, eu n-am pretins niciodat\u0103 s\u0103 nu se fac\u0103 vreun sondaj sau s\u0103 fiu eu neap\u0103rat desemnat. Am spus doar c\u0103 e foarte bine pentru toat\u0103 lumea, \u00een primul r\u00e2nd pentru aceste partide, ca decizia s\u0103 fie luat\u0103 c\u00e2t mai repede. Faptul c\u0103 mai multe personalit\u0103\u0163i, cei pe care a\u0163i amintit \u015fi al\u0163ii, sunt m\u0103sura\u0163i \u00een sondaje, asta este treaba partidelor, nu am nici cea mai mic\u0103 problem\u0103 cu acest lucru\u201d, a ad\u0103ugat el, men\u0163ion\u00e2nd c\u0103 este vorba de buc\u0103t\u0103ria intern\u0103 a partidelor \u015fi este dreptul lor s\u0103 fac\u0103 cercet\u0103ri cu cine vor.<\/p>\n<p>\u00centrebat dac\u0103 simte incert\u0103 aceast\u0103 candidatur\u0103, Crin Antonescu a spus: \u201dDac\u0103 e vorba de ce simt eu, da\u0163i-mi voie s\u0103 v\u0103 spun c\u0103 sunt aproape convins c\u0103 aceast\u0103 candidatur\u0103 a mea va fi validat\u0103. Nu m\u0103 simt deloc nesigur sau inconfortabil\u201d.<\/p>","protected":false},"excerpt":{"rendered":"<p>\u201dAm stabilit o dat\u0103 a alegerilor care \u00een\u0163eleg c\u0103 va fi formalizat\u0103 \u00een proxima \u015fedin\u0163\u0103&hellip;<\/p>\n","protected":false},"author":0,"featured_media":22825,"comment_status":"open","ping_status":"open","sticky":false,"template":"","format":"standard","meta":{"footnotes":""},"categories":[2],"tags":[],"class_list":["post-22824","post","type-post","status-publish","format-standard","has-post-thumbnail","hentry","category-actual"],"_links":{"self":[{"href":"https:\/\/247stiri.ro\/index.php\/wp-json\/wp\/v2\/posts\/22824","targetHints":{"allow":["GET"]}}],"collection":[{"href":"https:\/\/247stiri.ro\/index.php\/wp-json\/wp\/v2\/posts"}],"about":[{"href":"https:\/\/247stiri.ro\/index.php\/wp-json\/wp\/v2\/types\/post"}],"replies":[{"embeddable":true,"href":"https:\/\/247stiri.ro\/index.php\/wp-json\/wp\/v2\/comments?post=22824"}],"version-history":[{"count":0,"href":"https:\/\/247stiri.ro\/index.php\/wp-json\/wp\/v2\/posts\/22824\/revisions"}],"wp:featuredmedia":[{"embeddable":true,"href":"https:\/\/247stiri.ro\/index.php\/wp-json\/wp\/v2\/media\/22825"}],"wp:attachment":[{"href":"https:\/\/247stiri.ro\/index.php\/wp-json\/wp\/v2\/media?parent=22824"}],"wp:term":[{"taxonomy":"category","embeddable":true,"href":"https:\/\/247stiri.ro\/index.php\/wp-json\/wp\/v2\/categories?post=22824"},{"taxonomy":"post_tag","embeddable":true,"href":"https:\/\/247stiri.ro\/index.php\/wp-json\/wp\/v2\/tags?post=22824"}],"curies":[{"name":"wp","href":"https:\/\/api.w.org\/{rel}","templated":true}]}}