{"id":22844,"date":"2025-01-09T15:47:32","date_gmt":"2025-01-09T15:47:32","guid":{"rendered":"https:\/\/247stiri.ro\/index.php\/2025\/01\/09\/cine-sunt-rivalii-crin-antonescu-in-cursa-pentru-nominalizarea-candidatului-unic-al-coalitiei-ce-alte-nume-vor-fi-testate-in-sondaje-in-urmatoarea-perioada\/"},"modified":"2025-01-09T15:47:32","modified_gmt":"2025-01-09T15:47:32","slug":"cine-sunt-rivalii-crin-antonescu-in-cursa-pentru-nominalizarea-candidatului-unic-al-coalitiei-ce-alte-nume-vor-fi-testate-in-sondaje-in-urmatoarea-perioada","status":"publish","type":"post","link":"https:\/\/247stiri.ro\/index.php\/2025\/01\/09\/cine-sunt-rivalii-crin-antonescu-in-cursa-pentru-nominalizarea-candidatului-unic-al-coalitiei-ce-alte-nume-vor-fi-testate-in-sondaje-in-urmatoarea-perioada\/","title":{"rendered":"Cine sunt rivalii Crin Antonescu \u00een cursa pentru nominalizarea candidatului unic al Coali\u021biei. Ce alte nume vor fi testate \u00een sondaje \u00een urm\u0103toarea perioad\u0103"},"content":{"rendered":"<p>\u00cen urm\u0103toarele dou\u0103 s\u0103pt\u0103m\u00e2ni vor fi realizate sondaje pentru a evalua mai mul\u021bi poten\u021biali candida\u021bi la preziden\u021biale, pe l\u00e2ng\u0103 Crin Antonescu. De asemenea, Ioan Aurel Pop, pre\u0219edintele Academiei Rom\u00e2ne, va fi inclus \u00een aceste sondaje. PNL a propus, de asemenea, numele lui Ilie Bolojan, Emil Boc \u0219i numele lui Emil Hurezeanu.<\/p>\n<p>Social-democra\u021bii au \u0219i ei la dispozi\u021bie mai multe op\u021biuni, care vor fi evaluate prin sondaje \u00een urm\u0103toarele dou\u0103 s\u0103pt\u0103m\u00e2ni: Sorin Grindeanu, Marcel Ciolacu \u0219i Victor Ponta. Acesta din urm\u0103 a lansat miercuri asear\u0103, 8 ianuarie, primul atac la adresa lui Crin Antonescu, dup\u0103 ce liderii coali\u021biei au ajuns la un consens temporar \u0219i \u0219i-au reafirmat sprijinul pentru fostul lider liberal.<\/p>\n<p>Conform ziare.com, liderii coali\u021biei se vor decide abia la sf\u00e2r\u0219itul lunii ianuarie asupra unui candidat comun \u0219i nu este clar, \u00eenc\u0103, de\u0219i ei sus\u021bin asta, dac\u0103 acela va fi Crin Antonescu.\u00a0<\/p>\n<p>Conform unor surse politice de la v\u00e2rful Coali\u021biei, decizia referitoare la fostul lider liberal nu este \u00eenc\u0103 cea final\u0103. Dac\u0103 sondajele vor indica un rezultat slab pentru el \u0219i liderii coali\u021biei vor concluziona c\u0103 nu are \u0219anse \u00een cursa preziden\u021bial\u0103, este foarte posibil ca Antonescu s\u0103 fie schimbat sau s\u0103 se ajung\u0103 \u00een situa\u021bia \u00een care cele dou\u0103 partide s\u0103 propun\u0103 din nou candida\u021bi separa\u021bi.<\/p>","protected":false},"excerpt":{"rendered":"<p>\u00cen urm\u0103toarele dou\u0103 s\u0103pt\u0103m\u00e2ni vor fi realizate sondaje pentru a evalua mai mul\u021bi poten\u021biali candida\u021bi&hellip;<\/p>\n","protected":false},"author":0,"featured_media":22845,"comment_status":"open","ping_status":"open","sticky":false,"template":"","format":"standard","meta":{"footnotes":""},"categories":[2],"tags":[],"class_list":["post-22844","post","type-post","status-publish","format-standard","has-post-thumbnail","hentry","category-actual"],"_links":{"self":[{"href":"https:\/\/247stiri.ro\/index.php\/wp-json\/wp\/v2\/posts\/22844","targetHints":{"allow":["GET"]}}],"collection":[{"href":"https:\/\/247stiri.ro\/index.php\/wp-json\/wp\/v2\/posts"}],"about":[{"href":"https:\/\/247stiri.ro\/index.php\/wp-json\/wp\/v2\/types\/post"}],"replies":[{"embeddable":true,"href":"https:\/\/247stiri.ro\/index.php\/wp-json\/wp\/v2\/comments?post=22844"}],"version-history":[{"count":0,"href":"https:\/\/247stiri.ro\/index.php\/wp-json\/wp\/v2\/posts\/22844\/revisions"}],"wp:featuredmedia":[{"embeddable":true,"href":"https:\/\/247stiri.ro\/index.php\/wp-json\/wp\/v2\/media\/22845"}],"wp:attachment":[{"href":"https:\/\/247stiri.ro\/index.php\/wp-json\/wp\/v2\/media?parent=22844"}],"wp:term":[{"taxonomy":"category","embeddable":true,"href":"https:\/\/247stiri.ro\/index.php\/wp-json\/wp\/v2\/categories?post=22844"},{"taxonomy":"post_tag","embeddable":true,"href":"https:\/\/247stiri.ro\/index.php\/wp-json\/wp\/v2\/tags?post=22844"}],"curies":[{"name":"wp","href":"https:\/\/api.w.org\/{rel}","templated":true}]}}