{"id":22872,"date":"2025-01-09T17:45:36","date_gmt":"2025-01-09T17:45:36","guid":{"rendered":"https:\/\/247stiri.ro\/index.php\/2025\/01\/09\/purtatorul-de-cuvant-al-udmr-proiectul-bugetului-pe-2025-va-fi-prezentat-in-coalitie-pe-27-ianuarie-de-la-1-februarie-intra-in-procedura-parlamentara\/"},"modified":"2025-01-09T17:45:36","modified_gmt":"2025-01-09T17:45:36","slug":"purtatorul-de-cuvant-al-udmr-proiectul-bugetului-pe-2025-va-fi-prezentat-in-coalitie-pe-27-ianuarie-de-la-1-februarie-intra-in-procedura-parlamentara","status":"publish","type":"post","link":"https:\/\/247stiri.ro\/index.php\/2025\/01\/09\/purtatorul-de-cuvant-al-udmr-proiectul-bugetului-pe-2025-va-fi-prezentat-in-coalitie-pe-27-ianuarie-de-la-1-februarie-intra-in-procedura-parlamentara\/","title":{"rendered":"Purt\u0103torul de cuv\u00e2nt al UDMR: Proiectul bugetului pe 2025 va fi prezentat \u00een coali\u0163ie pe 27 ianuarie. De la 1 februarie intr\u0103 \u00een procedur\u0103 parlamentar\u0103"},"content":{"rendered":"<p>Purt\u0103torul de cuv\u00e2nt al UDMR a declarat \u00eentr-o emisiune televizat\u0103 c\u0103 proiectul bugetului pe 2025 va ajunge \u00een Parlament dup\u0103 1 februarie, c\u00e2nd \u00eencepe official sesiunea parlamentar\u0103.<\/p>\n<p>\u201dEu cred c\u0103 dup\u0103 1 februarie ( ajunge \u00een Parlament proiectul bugetului pe 2025, nr). Dac\u0103 se prezint\u0103 pe 27 ianuarie \u00een coali\u0163ie, o s\u0103 mai fie discu\u0163ii \u015fi eu cred c\u0103 dup\u0103 1 februarie, c\u00e2nd \u00eencepe sesiunea parlamentar\u0103, proiectul de buget va intra \u00een procedur\u0103 parlamentar\u0103\u201d, a precizat deputatul UDMR.<\/p>\n<p>El a subliniat c\u0103 se lucreaz\u0103 acum la acest proiect de buget \u015fi c\u0103 \u00een opinia sa va fi un buget dificil.\u00a0<\/p>\n<p>\u201dSigur c\u0103 va fi un buget dificil, \u00eentr-un an foarte dificil din punct de vedere macroeconomic\u201d, a ar\u0103tat Csoma Botond.<\/p>","protected":false},"excerpt":{"rendered":"<p>Purt\u0103torul de cuv\u00e2nt al UDMR a declarat \u00eentr-o emisiune televizat\u0103 c\u0103 proiectul bugetului pe 2025&hellip;<\/p>\n","protected":false},"author":0,"featured_media":22873,"comment_status":"open","ping_status":"open","sticky":false,"template":"","format":"standard","meta":{"footnotes":""},"categories":[2],"tags":[],"class_list":["post-22872","post","type-post","status-publish","format-standard","has-post-thumbnail","hentry","category-actual"],"_links":{"self":[{"href":"https:\/\/247stiri.ro\/index.php\/wp-json\/wp\/v2\/posts\/22872","targetHints":{"allow":["GET"]}}],"collection":[{"href":"https:\/\/247stiri.ro\/index.php\/wp-json\/wp\/v2\/posts"}],"about":[{"href":"https:\/\/247stiri.ro\/index.php\/wp-json\/wp\/v2\/types\/post"}],"replies":[{"embeddable":true,"href":"https:\/\/247stiri.ro\/index.php\/wp-json\/wp\/v2\/comments?post=22872"}],"version-history":[{"count":0,"href":"https:\/\/247stiri.ro\/index.php\/wp-json\/wp\/v2\/posts\/22872\/revisions"}],"wp:featuredmedia":[{"embeddable":true,"href":"https:\/\/247stiri.ro\/index.php\/wp-json\/wp\/v2\/media\/22873"}],"wp:attachment":[{"href":"https:\/\/247stiri.ro\/index.php\/wp-json\/wp\/v2\/media?parent=22872"}],"wp:term":[{"taxonomy":"category","embeddable":true,"href":"https:\/\/247stiri.ro\/index.php\/wp-json\/wp\/v2\/categories?post=22872"},{"taxonomy":"post_tag","embeddable":true,"href":"https:\/\/247stiri.ro\/index.php\/wp-json\/wp\/v2\/tags?post=22872"}],"curies":[{"name":"wp","href":"https:\/\/api.w.org\/{rel}","templated":true}]}}