{"id":22874,"date":"2025-01-09T17:45:37","date_gmt":"2025-01-09T17:45:37","guid":{"rendered":"https:\/\/247stiri.ro\/index.php\/2025\/01\/09\/burduja-despre-vanzarea-gazelor-din-marea-neagra-catre-germania-a-fost-respectata-legea\/"},"modified":"2025-01-09T17:45:37","modified_gmt":"2025-01-09T17:45:37","slug":"burduja-despre-vanzarea-gazelor-din-marea-neagra-catre-germania-a-fost-respectata-legea","status":"publish","type":"post","link":"https:\/\/247stiri.ro\/index.php\/2025\/01\/09\/burduja-despre-vanzarea-gazelor-din-marea-neagra-catre-germania-a-fost-respectata-legea\/","title":{"rendered":"Burduja, despre v\u00e2nzarea gazelor din Marea Neagr\u0103 c\u0103tre Germania: \u201eA fost respectat\u0103 legea\u201d"},"content":{"rendered":"<p>Burduja a fost \u00eentrebat, joi, \u00eentr-o conferin\u0163\u0103 de pres\u0103, dac\u0103 a fost activat\u0103 clauza prin care Rezervele Statului aveau prima op\u0163iune pentru cump\u0103rarea de gaz din proiectul Neptun Deep.<\/p>\n<p>\u201dStatul rom\u00e2n are doi reprezentan\u0163i \u00een boardul Petrom, \u00een conformitate cu cei 20% pe care \u00eei avem.\u00a0 Achizi\u0163ia \u00een sine, contractul, nu a dep\u0103\u015fit plafonul de la care devine sesizabil boardul Petrom. Poate fi o discu\u0163ie dac\u0103 e corect acest plafon sau nu. Ce v\u0103 pot spune este c\u0103, din datele pe care le am, legea a fost respectat\u0103. Restul r\u0103spunsurilor cred c\u0103 trebuie s\u0103 vi le dea Rezervele Statului. \u015ei a\u015fa este corect. Nu am indicii care s\u0103-mi spun\u0103 c\u0103 OMV-Petrom nu ar fi notificat, a\u015fa cum cere legea\u201d, a afirmat Sebastian Burduja.<\/p>\n<p>Grupul austriac OMV a \u00eencheiat un acord pentru a furniza gaze naturale din proiectul s\u0103u Neptun Deep, din Marea Neagr\u0103, companiei germane Uniper, din 2027, au declarat trei persoane familiare cu chestiunea pentru Reuters, \u00een timp ce Europa caut\u0103 noi modalit\u0103\u0163i de a-\u015fi spori securitatea energetic\u0103 dup\u0103 ruperea rela\u0163iilor cu Rusia.<\/p>","protected":false},"excerpt":{"rendered":"<p>Burduja a fost \u00eentrebat, joi, \u00eentr-o conferin\u0163\u0103 de pres\u0103, dac\u0103 a fost activat\u0103 clauza prin&hellip;<\/p>\n","protected":false},"author":0,"featured_media":22875,"comment_status":"open","ping_status":"open","sticky":false,"template":"","format":"standard","meta":{"footnotes":""},"categories":[2],"tags":[],"class_list":["post-22874","post","type-post","status-publish","format-standard","has-post-thumbnail","hentry","category-actual"],"_links":{"self":[{"href":"https:\/\/247stiri.ro\/index.php\/wp-json\/wp\/v2\/posts\/22874","targetHints":{"allow":["GET"]}}],"collection":[{"href":"https:\/\/247stiri.ro\/index.php\/wp-json\/wp\/v2\/posts"}],"about":[{"href":"https:\/\/247stiri.ro\/index.php\/wp-json\/wp\/v2\/types\/post"}],"replies":[{"embeddable":true,"href":"https:\/\/247stiri.ro\/index.php\/wp-json\/wp\/v2\/comments?post=22874"}],"version-history":[{"count":0,"href":"https:\/\/247stiri.ro\/index.php\/wp-json\/wp\/v2\/posts\/22874\/revisions"}],"wp:featuredmedia":[{"embeddable":true,"href":"https:\/\/247stiri.ro\/index.php\/wp-json\/wp\/v2\/media\/22875"}],"wp:attachment":[{"href":"https:\/\/247stiri.ro\/index.php\/wp-json\/wp\/v2\/media?parent=22874"}],"wp:term":[{"taxonomy":"category","embeddable":true,"href":"https:\/\/247stiri.ro\/index.php\/wp-json\/wp\/v2\/categories?post=22874"},{"taxonomy":"post_tag","embeddable":true,"href":"https:\/\/247stiri.ro\/index.php\/wp-json\/wp\/v2\/tags?post=22874"}],"curies":[{"name":"wp","href":"https:\/\/api.w.org\/{rel}","templated":true}]}}