{"id":22878,"date":"2025-01-09T18:44:49","date_gmt":"2025-01-09T18:44:49","guid":{"rendered":"https:\/\/247stiri.ro\/index.php\/2025\/01\/09\/predoiu-intalnire-cu-sindicatele-dupa-aprobarea-ordonantei-trenulet\/"},"modified":"2025-01-09T18:44:49","modified_gmt":"2025-01-09T18:44:49","slug":"predoiu-intalnire-cu-sindicatele-dupa-aprobarea-ordonantei-trenulet","status":"publish","type":"post","link":"https:\/\/247stiri.ro\/index.php\/2025\/01\/09\/predoiu-intalnire-cu-sindicatele-dupa-aprobarea-ordonantei-trenulet\/","title":{"rendered":"Predoiu, \u00eent\u00e2lnire cu sindicatele dup\u0103 aprobarea Ordonan\u021bei Trenule\u021b"},"content":{"rendered":"<p>\u00cent\u00e2lnirea a avut loc la sediul Ministerului Afacerilor Interne (MAI), \u00eentre conducerea MAI \u015fi reprezentan\u0163ii principalelor organiza\u0163ii sindicale \u015fi profesionale din domeniu.<\/p>\n<p>\u201ePrincipala tem\u0103 abordat\u0103 \u00een cadrul \u00eent\u00e2lnirii a fost analiza impactului m\u0103surilor fiscal-bugetare introduse prin Ordonan\u0163a de Urgen\u0163\u0103 nr. 156\/2024 asupra drepturilor salariale ale angaja\u0163ilor MAI. (&#8230;)P\u0103r\u0163ile au propus spre analiz\u0103 mai multe variante de lucru care s\u0103 r\u0103spund\u0103 provoc\u0103rilor actuale. \u00cen urma discu\u0163iilor, s-a convenit asupra continu\u0103rii consult\u0103rilor\u201d, transmite MAI, \u00eentr-un comunicat de pres\u0103.<\/p>\n<p>La discu\u0163ii au participat Federa\u0163ia Sindicatelor Na\u0163ionale ale Poli\u0163i\u015ftilor \u015fi Personalului Contractual-SNPPC, Federa\u0163ia Sindicatelor Democratice a Poli\u0163i\u015ftilor din Rom\u00e2nia \u2013 A.I. Cuza, Sindicatul Poli\u0163i\u015ftilor Europeni \u2013 EUROPOL, Federa\u0163ia Sindicatelor din Poli\u0163ie \u015fi Administra\u0163ia Public\u0103 SMART LEX, Sindicatul Na\u0163ional PRO LEX, Federa\u0163ia Sindicatelor Democratice din Rom\u00e2nia \u2013 SIDEPOL, Corpul Na\u0163ional al Poli\u0163i\u015ftilor.<\/p>\n<p>Urm\u0103toarea \u00eent\u00e2lnire va avea loc luni, 13 ianuarie 2025, la sediul MAI, pentru aprofundarea subiectelor discutate \u015fi identificarea de solu\u0163ii concrete.<\/p>\n<p>Potrivit Europol, poli\u0163i\u015ftilor li s-au t\u0103iat salariile cu 1.500 lei\/lun\u0103 pentru orele prestate \u00een zilele de repaus \u015fi de s\u0103rb\u0103toare legal\u0103. Sindicali\u015ftii au amenin\u0163at cu proteste.<\/p>","protected":false},"excerpt":{"rendered":"<p>\u00cent\u00e2lnirea a avut loc la sediul Ministerului Afacerilor Interne (MAI), \u00eentre conducerea MAI \u015fi reprezentan\u0163ii&hellip;<\/p>\n","protected":false},"author":0,"featured_media":22879,"comment_status":"open","ping_status":"open","sticky":false,"template":"","format":"standard","meta":{"footnotes":""},"categories":[2],"tags":[],"class_list":["post-22878","post","type-post","status-publish","format-standard","has-post-thumbnail","hentry","category-actual"],"_links":{"self":[{"href":"https:\/\/247stiri.ro\/index.php\/wp-json\/wp\/v2\/posts\/22878","targetHints":{"allow":["GET"]}}],"collection":[{"href":"https:\/\/247stiri.ro\/index.php\/wp-json\/wp\/v2\/posts"}],"about":[{"href":"https:\/\/247stiri.ro\/index.php\/wp-json\/wp\/v2\/types\/post"}],"replies":[{"embeddable":true,"href":"https:\/\/247stiri.ro\/index.php\/wp-json\/wp\/v2\/comments?post=22878"}],"version-history":[{"count":0,"href":"https:\/\/247stiri.ro\/index.php\/wp-json\/wp\/v2\/posts\/22878\/revisions"}],"wp:featuredmedia":[{"embeddable":true,"href":"https:\/\/247stiri.ro\/index.php\/wp-json\/wp\/v2\/media\/22879"}],"wp:attachment":[{"href":"https:\/\/247stiri.ro\/index.php\/wp-json\/wp\/v2\/media?parent=22878"}],"wp:term":[{"taxonomy":"category","embeddable":true,"href":"https:\/\/247stiri.ro\/index.php\/wp-json\/wp\/v2\/categories?post=22878"},{"taxonomy":"post_tag","embeddable":true,"href":"https:\/\/247stiri.ro\/index.php\/wp-json\/wp\/v2\/tags?post=22878"}],"curies":[{"name":"wp","href":"https:\/\/api.w.org\/{rel}","templated":true}]}}