{"id":2288,"date":"2024-10-27T15:53:40","date_gmt":"2024-10-27T15:53:40","guid":{"rendered":"https:\/\/247stiri.ro\/index.php\/2024\/10\/27\/nicusor-dan-intra-cu-utilajele-in-piata-unirii-unirii-1-nu-va-mai-functiona-pe-actualul-amplasament\/"},"modified":"2024-10-27T15:53:40","modified_gmt":"2024-10-27T15:53:40","slug":"nicusor-dan-intra-cu-utilajele-in-piata-unirii-unirii-1-nu-va-mai-functiona-pe-actualul-amplasament","status":"publish","type":"post","link":"https:\/\/247stiri.ro\/index.php\/2024\/10\/27\/nicusor-dan-intra-cu-utilajele-in-piata-unirii-unirii-1-nu-va-mai-functiona-pe-actualul-amplasament\/","title":{"rendered":"Nicu\u0219or Dan intr\u0103 cu utilajele \u00een Pia\u021ba Unirii: \u201eUnirii 1 nu va mai func\u0163iona pe actualul amplasament.\u201d"},"content":{"rendered":"<p>Nicu\u015for Dan afirm\u0103 c\u0103 Administra\u0163ia Str\u0103zilor Bucure\u015fti, prin Trustul de Cl\u0103diri Metropolitane, va executa lucr\u0103ri de repara\u0163ii, \u00een perioada 28 octombrie &#8211; 15 noiembrie 2024, pe banda dedicat\u0103 transportului public situat\u0103 pe Aleea III din Pia\u0163a Unirii.<\/p>\n<p>\u201dPentru parcursul def\u0103\u015fur\u0103rii lucr\u0103rilor, sta\u0163ia STB \u201ePia\u0163a Unirii 1\u201d nu va mai func\u0163iona pe actualul amplasament\u201d, spune primarul Capitalei.<\/p>\n<p>\u00a0<\/p>\n<p>Nicu\u015for Dan mai anun\u0163\u0103 c\u0103, pentru asigurarea accesului c\u0103l\u0103torilor \u020bn Pia\u0163a Unirii, Asocia\u0163ia de Dezvoltare Intercomunitar\u0103 pentru Transport Public Bucure\u015fti \u2013 Ilfov (TPBI), cu avizul Comisiei Tehnice de Circula\u0163ie \u015fi a Brig\u0103zii Rutiere de Poli\u0163ie, a decis ca, \u020bn perioada lucr\u0103rilor, sta\u0163ia \u201ePia\u0163a Unirii 1\u201d s\u0103 fie relocat\u0103 astfel:<\/p>\n<p>\u00a0Sta\u0163ia A &#8211; Pe podul Splaiul Independen\u0163ei &#8211; vor opri autobuzele liniilor 100, 116, 117, 312, 313, 323, N101, N102, N103, N104, N105, N106, N107, N108, N109, N111, N112, N113, N114, N116, N117, N118, N119, N120, N121 \u015fi N122.Sta\u0163ia B &#8211; Pe Splaiul Independen\u0163ei, dup\u0103 intersec\u0163ia cu Str. Sfin\u0163ii Apostoli &#8211; aici vor opri autobuzele liniilor 104, 123, 205, N110 \u015fi N115;<\/p>","protected":false},"excerpt":{"rendered":"<p>Nicu\u015for Dan afirm\u0103 c\u0103 Administra\u0163ia Str\u0103zilor Bucure\u015fti, prin Trustul de Cl\u0103diri Metropolitane, va executa lucr\u0103ri&hellip;<\/p>\n","protected":false},"author":0,"featured_media":2289,"comment_status":"open","ping_status":"open","sticky":false,"template":"","format":"standard","meta":{"footnotes":""},"categories":[2],"tags":[],"class_list":["post-2288","post","type-post","status-publish","format-standard","has-post-thumbnail","hentry","category-actual"],"_links":{"self":[{"href":"https:\/\/247stiri.ro\/index.php\/wp-json\/wp\/v2\/posts\/2288","targetHints":{"allow":["GET"]}}],"collection":[{"href":"https:\/\/247stiri.ro\/index.php\/wp-json\/wp\/v2\/posts"}],"about":[{"href":"https:\/\/247stiri.ro\/index.php\/wp-json\/wp\/v2\/types\/post"}],"replies":[{"embeddable":true,"href":"https:\/\/247stiri.ro\/index.php\/wp-json\/wp\/v2\/comments?post=2288"}],"version-history":[{"count":0,"href":"https:\/\/247stiri.ro\/index.php\/wp-json\/wp\/v2\/posts\/2288\/revisions"}],"wp:featuredmedia":[{"embeddable":true,"href":"https:\/\/247stiri.ro\/index.php\/wp-json\/wp\/v2\/media\/2289"}],"wp:attachment":[{"href":"https:\/\/247stiri.ro\/index.php\/wp-json\/wp\/v2\/media?parent=2288"}],"wp:term":[{"taxonomy":"category","embeddable":true,"href":"https:\/\/247stiri.ro\/index.php\/wp-json\/wp\/v2\/categories?post=2288"},{"taxonomy":"post_tag","embeddable":true,"href":"https:\/\/247stiri.ro\/index.php\/wp-json\/wp\/v2\/tags?post=2288"}],"curies":[{"name":"wp","href":"https:\/\/api.w.org\/{rel}","templated":true}]}}