{"id":22880,"date":"2025-01-09T18:44:49","date_gmt":"2025-01-09T18:44:49","guid":{"rendered":"https:\/\/247stiri.ro\/index.php\/2025\/01\/09\/1000-de-angajati-ai-ceo-oltenia-protest-la-bucuresti-lider-sindical-romanii-se-revolta-fata-de-crima-asupra-democratiei\/"},"modified":"2025-01-09T18:44:49","modified_gmt":"2025-01-09T18:44:49","slug":"1000-de-angajati-ai-ceo-oltenia-protest-la-bucuresti-lider-sindical-romanii-se-revolta-fata-de-crima-asupra-democratiei","status":"publish","type":"post","link":"https:\/\/247stiri.ro\/index.php\/2025\/01\/09\/1000-de-angajati-ai-ceo-oltenia-protest-la-bucuresti-lider-sindical-romanii-se-revolta-fata-de-crima-asupra-democratiei\/","title":{"rendered":"1000 de angaja\u021bi ai CEO OLTENIA, protest la Bucure\u0219ti! Lider sindical: \u201eRom\u00e2nii se revolt\u0103 fa\u021b\u0103 de crima asupra democra\u021biei&#8221;"},"content":{"rendered":"<p>\u201eReferitor la ceea ce s-a \u00eent\u00e2mplat la aceast\u0103 \u201ecrim\u0103 asupra democra\u021biei\u201d,\u00a0anularea alegerilor preziden\u021biale, gorjenii sunt foarte nemul\u021bumi\u021bi,\u00a0cum sunt \u0219i to\u021bi rom\u00e2nii. Suntem al\u0103turi de ei.\u00a0M\u00e2ine vom participa o parte dintre noi la sus\u021binerea domnului Georgescu\u00a0la acest protest al P\u0103cii.\u00a0Noi dorim o schimbare. Nu mai vrem ce a fost. De 35 de ani ne-am saturat.\u00a0La acest protest vor veni peste 1000 de oameni, poate chiar mai mul\u021bi gorjeni,\u00a0pentru c\u0103 to\u021bii s-au solidarizat \u0219i vor veni.\u00a0Ma\u0219ini proprii, cu autobuze, vor veni la Bucure\u0219ti pentru a face un protest pa\u0219nic.\u00a0A ar\u0103ta Guvernului Rom\u00e2niei actual \u0219i pre\u0219edintelui care este ilegitim acolo,\u00a0c\u0103 noi dorim altceva.\u00a0Dorim democra\u021bie, dorim ca \u0219i copiii no\u0219tri s\u0103 vin\u0103 s\u0103 lucreze \u00een Rom\u00e2nia,\u00a0s\u0103 tr\u0103iasc\u0103 decent al\u0103turi de noi, de p\u0103rin\u021bii lor.\u00a0Ca \u0219i sindicalist vreau s\u0103 v\u0103 spun c\u0103 \u00eei cunoa\u0219tem pe to\u021bi cei care vor s\u0103 candideze\u00a0la pre\u0219edin\u021bie, cum este domnul Ponta, bine\u00een\u021beles de la B\u0103sescu,\u00a0\u0219i domnul Ciolacu. Sunt oameni care au avut de a face \u0219i cu mine, \u0219i cu minerii, \u0219i cu Gorjul.\u00a0Oameni care ne-au min\u021bit, pur \u0219i simplu.\u00a0Domnul Ponta a venit aici cu o firm\u0103 de avocatur\u0103 atunci c\u00e2nd era prim-ministru\u00a0\u0219i au c\u0103pu\u0219at complexul energetic Oltenia.\u00a0Domnul Ciolacu n-a vrut s\u0103 stea de vorb\u0103 cu liderii sindicali sau cu oamenii din Gorj,\u00a0cei care lucreaz\u0103 \u00een minerit.\u00a0Acum putem produce energie ieftin\u0103 \u0219i foarte mult\u0103 dac\u0103 suntem l\u0103sa\u021bi.\u00a0\u0218ti\u021bi bine c\u0103 acest complex energetic Oltenia a fost v\u00e2ndut Uniunii Europene,\u00a0la acei samsari care ne-au dat acei bani pentru a urma un proces de restructurare\u201d, a spus liderul de sindicat la Realitatea PLUS.\u00a0\u00a0<\/p>","protected":false},"excerpt":{"rendered":"<p>\u201eReferitor la ceea ce s-a \u00eent\u00e2mplat la aceast\u0103 \u201ecrim\u0103 asupra democra\u021biei\u201d,\u00a0anularea alegerilor preziden\u021biale, gorjenii sunt&hellip;<\/p>\n","protected":false},"author":0,"featured_media":22881,"comment_status":"open","ping_status":"open","sticky":false,"template":"","format":"standard","meta":{"footnotes":""},"categories":[2],"tags":[],"class_list":["post-22880","post","type-post","status-publish","format-standard","has-post-thumbnail","hentry","category-actual"],"_links":{"self":[{"href":"https:\/\/247stiri.ro\/index.php\/wp-json\/wp\/v2\/posts\/22880","targetHints":{"allow":["GET"]}}],"collection":[{"href":"https:\/\/247stiri.ro\/index.php\/wp-json\/wp\/v2\/posts"}],"about":[{"href":"https:\/\/247stiri.ro\/index.php\/wp-json\/wp\/v2\/types\/post"}],"replies":[{"embeddable":true,"href":"https:\/\/247stiri.ro\/index.php\/wp-json\/wp\/v2\/comments?post=22880"}],"version-history":[{"count":0,"href":"https:\/\/247stiri.ro\/index.php\/wp-json\/wp\/v2\/posts\/22880\/revisions"}],"wp:featuredmedia":[{"embeddable":true,"href":"https:\/\/247stiri.ro\/index.php\/wp-json\/wp\/v2\/media\/22881"}],"wp:attachment":[{"href":"https:\/\/247stiri.ro\/index.php\/wp-json\/wp\/v2\/media?parent=22880"}],"wp:term":[{"taxonomy":"category","embeddable":true,"href":"https:\/\/247stiri.ro\/index.php\/wp-json\/wp\/v2\/categories?post=22880"},{"taxonomy":"post_tag","embeddable":true,"href":"https:\/\/247stiri.ro\/index.php\/wp-json\/wp\/v2\/tags?post=22880"}],"curies":[{"name":"wp","href":"https:\/\/api.w.org\/{rel}","templated":true}]}}